{"id":4626,"date":"2023-03-17T09:21:50","date_gmt":"2023-03-17T09:21:50","guid":{"rendered":"https:\/\/adamexpostand.com\/sin-categorizar\/feindef-salon-internacional-de-defensa-y-seguridad-ifema-madrid-donde-la-innovacion-se-encuentra-con-la-seguridad\/"},"modified":"2026-09-05T09:21:29","modified_gmt":"2026-09-05T09:21:29","slug":"feindef-international-defence-and-security-exhibition-ifema-madrid-spain","status":"publish","type":"post","link":"https:\/\/adamexpostand.com\/es\/feindef-international-defence-and-security-exhibition-ifema-madrid-spain\/","title":{"rendered":"Stand para FEINDEF IFEMA Madrid: Gu\u00eda de Dise\u00f1o, Costes y Acreditaci\u00f3n (2027)"},"content":{"rendered":"<p class=\"post-byline\" style=\"color:#555;font-size:15px;margin:0 0 6px 0;\">\nPor <a href=\"https:\/\/adamexpostand.com\/author\/adam-dragos\/\" rel=\"author\"><strong>Adam Dragos<\/strong><\/a>, Especialista en &Eacute;xito de Expositores\n<\/p>\n<p class=\"post-updated\" style=\"color:#777;font-size:14px;margin:0 0 25px 0;\">\n&Uacute;ltima actualizaci&oacute;n: <time datetime=\"2026-09-05\">5 de septiembre de 2026<\/time>\n<\/p>\n<div class=\"quick-summary\" style=\"background:#eef4fb;border-left:4px solid #1a5fb4;padding:18px 22px;margin:0 0 28px;border-radius:6px;\">\n<p style=\"margin:0;\"><strong>Respuesta r&aacute;pida:<\/strong> Un stand a medida para FEINDEF en IFEMA Madrid cuesta normalmente entre &euro;300 y &euro;650\/m&sup2; de construcci&oacute;n, antes de sumar la zona de reuniones privadas y la vitrina segura que suelen a&ntilde;adir los expositores de defensa y seguridad. FEINDEF 2027 se celebra del 18 al 20 de mayo de 2027 en IFEMA Madrid; seg&uacute;n las cifras oficiales del organizador, la edici&oacute;n de 2025 ocup&oacute; los pabellones 4, 6, 8 y 10 con m&aacute;s de 600 expositores y 44.000 visitantes profesionales de 56 pa&iacute;ses.<\/p>\n<\/div>\n<figure style=\"margin:0 0 28px 0;\">\n<svg viewBox=\"0 0 1000 420\" role=\"img\" aria-labelledby=\"feindefCostTitleES feindefCostDescES\" xmlns=\"http:\/\/www.w3.org\/2000\/svg\" style=\"width:100%;height:auto;font-family:Arial,Helvetica,sans-serif;background:#ffffff;\">\n<title id=\"feindefCostTitleES\">FEINDEF, IFEMA Madrid: rangos de coste de stand<\/title>\n<desc id=\"feindefCostDescES\">Gr&#225;fico de barras del coste de construcci&#243;n por metro cuadrado seg&#250;n tipo de stand: mejora sobre stand modular de 50 a 150 euros por metro cuadrado, stand a medida de 300 a 650 euros por metro cuadrado, posici&#243;n isla de 60 metros cuadrados o m&#225;s de 450 a 900 euros por metro cuadrado. Una zona de reuniones privada o vitrina segura suele a&#241;adir entre 2.000 y 6.000 euros. Reserva con 4 a 6 meses de antelaci&#243;n para evitar recargos de &#250;ltima hora.<\/desc>\n<rect x=\"0\" y=\"0\" width=\"1000\" height=\"420\" fill=\"#ffffff\"\/>\n<text x=\"24\" y=\"38\" font-size=\"22\" font-weight=\"800\" fill=\"#12233f\">FEINDEF, IFEMA Madrid: rangos de coste de stand<\/text>\n<text x=\"24\" y=\"62\" font-size=\"14\" fill=\"#4a5568\">Coste de construcci&#243;n por m&#178; seg&#250;n tipo de stand &#8212; datos propios de Adam Expo Stand<\/text>\n<text x=\"24\" y=\"120\" font-size=\"15\" font-weight=\"700\" fill=\"#1a2b47\">Mejora sobre stand modular<\/text>\n<rect x=\"260\" y=\"100\" width=\"700\" height=\"34\" rx=\"6\" fill=\"#eef2f7\"\/>\n<rect x=\"260\" y=\"100\" width=\"84\" height=\"34\" rx=\"6\" fill=\"#a9c6f0\"\/>\n<text x=\"274\" y=\"123\" font-size=\"14\" font-weight=\"800\" fill=\"#12233f\">&#8364;50&#8211;&#8364;150\/m&#178;<\/text>\n<text x=\"24\" y=\"185\" font-size=\"15\" font-weight=\"700\" fill=\"#1a2b47\">Stand a medida<\/text>\n<rect x=\"260\" y=\"165\" width=\"700\" height=\"34\" rx=\"6\" fill=\"#eef2f7\"\/>\n<rect x=\"260\" y=\"165\" width=\"406\" height=\"34\" rx=\"6\" fill=\"#4f83cc\"\/>\n<text x=\"274\" y=\"188\" font-size=\"14\" font-weight=\"800\" fill=\"#ffffff\">&#8364;300&#8211;&#8364;650\/m&#178;<\/text>\n<text x=\"24\" y=\"250\" font-size=\"15\" font-weight=\"700\" fill=\"#1a2b47\">Posici&#243;n isla (60m&#178;+)<\/text>\n<rect x=\"260\" y=\"230\" width=\"700\" height=\"34\" rx=\"6\" fill=\"#eef2f7\"\/>\n<rect x=\"260\" y=\"230\" width=\"574\" height=\"34\" rx=\"6\" fill=\"#1a5fb4\"\/>\n<text x=\"274\" y=\"253\" font-size=\"14\" font-weight=\"800\" fill=\"#ffffff\">&#8364;450&#8211;&#8364;900\/m&#178;<\/text>\n<line x1=\"24\" y1=\"300\" x2=\"976\" y2=\"300\" stroke=\"#e2e8f0\" stroke-width=\"2\"\/>\n<text x=\"24\" y=\"335\" font-size=\"16\" font-weight=\"700\" fill=\"#1a2b47\">+&#8364;2.000&#8211;&#8364;6.000<\/text>\n<text x=\"24\" y=\"356\" font-size=\"12\" fill=\"#6b7686\">por zona de reuniones privada \/ vitrina segura<\/text>\n<text x=\"400\" y=\"335\" font-size=\"16\" font-weight=\"700\" fill=\"#1a2b47\">Reserva con 4&#8211;6 meses<\/text>\n<text x=\"400\" y=\"356\" font-size=\"12\" fill=\"#6b7686\">para evitar recargos de &#250;ltima hora<\/text>\n<text x=\"850\" y=\"345\" font-size=\"12\" fill=\"#8590a3\">adamexpostand.com<\/text>\n<\/svg><figcaption style=\"font-size:13px;color:#6b7686;margin-top:6px;\">Figura: rangos de coste de stand para FEINDEF por m&sup2; seg&uacute;n tipo. Fuente: datos propios de proyecto de Adam Expo Stand.<\/figcaption><\/figure>\n<div class=\"aeo-answer\" style=\"border:1px solid #d0d7de;border-radius:6px;padding:18px 22px;margin:24px 0;\">\n<h2 style=\"margin-top:0;\">&iquest;Cu&aacute;nto cuesta un stand para FEINDEF en IFEMA Madrid?<\/h2>\n<p><strong>Un stand a medida para FEINDEF cuesta normalmente &euro;300&ndash;&euro;650 por m&sup2; de construcci&oacute;n, y la mayor&iacute;a de expositores de defensa a&ntilde;aden &euro;2.000&ndash;&euro;6.000 m&aacute;s por una zona de reuniones privada y una vitrina segura que un stand de feria gen&eacute;rico no suele necesitar.<\/strong><\/p>\n<p>Las posiciones isla m&aacute;s grandes (60&nbsp;m&sup2; o m&aacute;s) cuestan &euro;450&ndash;&euro;900\/m&sup2;. Estas cifras proceden de los propios datos de proyecto de Adam Expo Stand en montajes para FEINDEF y ferias europeas comparables.<\/p>\n<\/div>\n<div class=\"post-toc\" style=\"background:#f6f8fa;border:1px solid #e3e3e3;border-radius:6px;padding:16px 22px;margin:24px 0;\">\n<strong>En esta p&aacute;gina<\/strong><\/p>\n<ul style=\"margin:8px 0 0;padding-left:20px;\">\n<li><a href=\"#s1\">&iquest;Qu&eacute; es FEINDEF y d&oacute;nde se celebra?<\/a><\/li>\n<li><a href=\"#s2\">&iquest;En qu&eacute; se diferencia de otras ferias de seguridad espa&ntilde;olas?<\/a><\/li>\n<li><a href=\"#s3\">&iquest;Cu&aacute;nto cuesta un stand en FEINDEF?<\/a><\/li>\n<li><a href=\"#s4\">&iquest;Qu&eacute; acreditaci&oacute;n y normas de acceso aplican?<\/a><\/li>\n<li><a href=\"#s5\">&iquest;Qu&eacute; dise&ntilde;o de stand funciona para defensa?<\/a><\/li>\n<li><a href=\"#s6\">&iquest;Cu&aacute;l es el calendario de planificaci&oacute;n?<\/a><\/li>\n<li><a href=\"#s7\">&iquest;Qu&eacute; estrategia encaja con tu situaci&oacute;n?<\/a><\/li>\n<li><a href=\"#s8\">&iquest;C&oacute;mo convertir el stand en contactos?<\/a><\/li>\n<\/ul>\n<\/div>\n<p>FEINDEF no es una feria en la que basta con un stand de dise&ntilde;o gen&eacute;rico y una vitrina de producto. Es la feria internacional de defensa y seguridad de Espa&ntilde;a, y el p&uacute;blico que recorre el pabell&oacute;n, responsables de compras p&uacute;blicas, delegaciones de las Fuerzas Armadas y grandes contratistas, valora la discreci&oacute;n y la credibilidad de un stand antes que su colorido. Eso cambia lo que significa &#8220;un buen stand&#8221; respecto a una feria de consumo en el mismo recinto.<\/p>\n<p>Un formato equivocado no solo decepciona a algunos visitantes: puede significar perder la presentaci&oacute;n a un responsable de compras que solo acude cada dos a&ntilde;os, mantener una conversaci&oacute;n confidencial de pie en un pasillo concurrido por falta de espacio privado, o gastar el presupuesto en gr&aacute;fica cuando deber&iacute;a haber ido a un acceso controlado y una zona de demostraci&oacute;n con buena visibilidad.<\/p>\n<p>Esta gu&iacute;a cubre lo que realmente importa para un <strong>stand en FEINDEF<\/strong> en IFEMA Madrid: rangos de coste realistas, la realidad de acreditaci&oacute;n y acceso de una feria del sector defensa, la log&iacute;stica de sus cuatro pabellones, el dise&ntilde;o adecuado para un p&uacute;blico gubernamental y de grandes contratistas, y un calendario de planificaci&oacute;n semana a semana, ilustrado con un stand real de 50&nbsp;m&sup2; que construimos para un expositor de electr&oacute;nica de defensa en la edici&oacute;n de 2023.<\/p>\n<h2 id=\"s1\">&iquest;Qu&eacute; es FEINDEF y d&oacute;nde se celebra en IFEMA Madrid?<\/h2>\n<p><strong>FEINDEF es la Feria Internacional de Defensa y Seguridad de Espa&ntilde;a, que se celebra cada dos a&ntilde;os en IFEMA Madrid; FEINDEF 2027 tendr&aacute; lugar del 18 al 20 de mayo de 2027, tras una edici&oacute;n de 2025 que ocup&oacute; los pabellones 4, 6, 8 y 10 con m&aacute;s de 600 expositores.<\/strong><\/p>\n<p>El evento lo organiza la Fundaci&oacute;n FEINDEF con el apoyo del Ministerio de Defensa y las principales asociaciones del sector; seg&uacute;n los resultados oficiales de cierre, la edici&oacute;n de 2025 tambi&eacute;n registr&oacute; 91 delegaciones internacionales y representantes de 56 pa&iacute;ses. A diferencia de una feria de consumo en el mismo recinto, FEINDEF es un evento profesional cerrado: no tiene acceso p&uacute;blico general, y tanto expositores como visitantes se acreditan a trav&eacute;s del propio proceso de FEINDEF en lugar de una entrada est&aacute;ndar. Si necesitas primero los fundamentos de exponer en IFEMA Madrid en general, consulta nuestra <a href=\"https:\/\/adamexpostand.com\/es\/constructor-stands-ifema-madrid\/\">gu&iacute;a de constructor de stands en IFEMA Madrid<\/a>; esta gu&iacute;a se centra espec&iacute;ficamente en lo que cambia para un expositor de defensa y seguridad. Planifica tu stand y tu personal pensando en un p&uacute;blico acreditado, no en afluencia de paso.<\/p>\n<h2 id=\"s2\">&iquest;En qu&eacute; se diferencia FEINDEF de otras ferias espa&ntilde;olas de seguridad y defensa?<\/h2>\n<p><strong>FEINDEF, TECNOSEC DRONExpo y SICUR son tres ferias espa&ntilde;olas del sector seguridad completamente distintas, con sedes, periodicidad y enfoque diferentes, y tratarlas como intercambiables es la forma m&aacute;s r&aacute;pida de equivocar el briefing del stand.<\/strong> FEINDEF es la feria del sector defensa, con &aacute;reas como sistemas navales, aeroespacial y ciberdefensa, celebrada en IFEMA Madrid cada dos a&ntilde;os.<\/p>\n<p>TECNOSEC DRONExpo es una feria m&aacute;s espec&iacute;fica de antidrones y tecnolog&iacute;a de seguridad, en otro recinto de Madrid. Si tu producto encaja mejor con seguridad civil, videovigilancia o sistemas antidrones que con compras de defensa, nuestra <a href=\"https:\/\/adamexpostand.com\/es\/guia-stand-tecnosec-dronexpo-madrid\/\">gu&iacute;a de stand para TECNOSEC DRONExpo<\/a> desarrolla esa comparaci&oacute;n completa, incluidas las diferencias de sede y pabell&oacute;n.<\/p>\n<h2 id=\"s3\">&iquest;Cu&aacute;nto cuesta un stand en FEINDEF?<\/h2>\n<p><strong>Un stand a medida en FEINDEF cuesta normalmente entre &euro;300 y &euro;650 por m&sup2; solo de construcci&oacute;n, y la mayor&iacute;a de expositores de defensa suman entre &euro;2.000 y &euro;6.000 adicionales por una zona de reuniones privada o una vitrina segura que un stand de feria gen&eacute;rico normalmente no necesitar&iacute;a en absoluto.<\/strong><\/p>\n<p>Las posiciones isla m&aacute;s grandes (60&nbsp;m&sup2; o m&aacute;s) cuestan entre &euro;450 y &euro;900\/m&sup2;, y las mejoras sobre stand modular b&aacute;sico parten de &euro;50&ndash;&euro;150\/m&sup2;, donde el paquete b&aacute;sico del organizador es solo el punto de partida, no un stand terminado. Son rangos propios de proyecto de Adam Expo Stand en montajes para FEINDEF y ferias europeas comparables.<\/p>\n<div class=\"key-takeaway\" style=\"background:#fff8e6;border-left:4px solid #e5a50a;padding:14px 20px;margin:24px 0;border-radius:6px;\">\n<p style=\"margin:0;\"><strong>Punto clave:<\/strong> Presupuesta la zona de reuniones privada y la vitrina segura por separado de la construcci&oacute;n base; son las dos partidas que no aparecer&aacute;n en un presupuesto de feria gen&eacute;rico, y suelen ser lo que realmente valora un visitante de FEINDEF.<\/p>\n<\/div>\n<h2 id=\"s4\">&iquest;Qu&eacute; acreditaci&oacute;n y normas de acceso aplican a los expositores de FEINDEF?<\/h2>\n<p><strong>FEINDEF es una feria profesional y cerrada: expositores y visitantes se acreditan a trav&eacute;s del propio sistema de registro del organizador y no mediante una entrada de acceso general, por lo que el dise&ntilde;o del stand debe asumir un acceso controlado y acreditado desde el principio, no tr&aacute;fico libre de paso por el pasillo.<\/strong><\/p>\n<p>Las categor&iacute;as exactas de acreditaci&oacute;n y los posibles d&iacute;as de acceso restringido los fija la Fundaci&oacute;n FEINDEF en cada edici&oacute;n, as&iacute; que conviene confirmar los requisitos vigentes directamente en la <a href=\"https:\/\/feindef.com\/index.php\/es\/\" target=\"_blank\" rel=\"noopener\">informaci&oacute;n oficial de FEINDEF<\/a> y en tu manual de expositor, sin asumir que se repiten igual que en la edici&oacute;n anterior.<\/p>\n<h2 id=\"s5\">&iquest;Qu&eacute; dise&ntilde;o de stand funciona para un p&uacute;blico de defensa y seguridad?<\/h2>\n<p><strong>Un stand para FEINDEF necesita una fachada p&uacute;blica s&oacute;lida y profesional en la parte delantera, y una zona discreta y separada para conversaciones confidenciales en la parte trasera, porque una misma visita suele mezclar inter&eacute;s casual con una reuni&oacute;n de compras concertada en una sola parada de diez minutos.<\/strong><\/p>\n<p>Esto suele traducirse en un tercio delantero abierto para marca, maquetas o una demostraci&oacute;n en vivo, y una zona trasera acristalada o compartimentada con asientos para reuniones que no deban escucharse desde el pasillo.<\/p>\n<p><em>Nuestro veredicto:<\/em> a partir de nuestro montaje para L3 ESSCO en FEINDEF, un expositor de guerra electr&oacute;nica, el stand que funciona es el que permite leer tu posicionamiento en diez segundos desde el pasillo, y que un responsable de compras pueda sentarse en un espacio privado treinta segundos despu&eacute;s. Invertir el presupuesto en esa transici&oacute;n importa m&aacute;s que invertirlo en una superficie abierta mayor.<\/p>\n<p>Dise&ntilde;amos y construimos un stand a medida de 50&nbsp;m&sup2; para <strong>L3 ESSCO<\/strong> en FEINDEF con exactamente esa estructura: una fachada arquitect&oacute;nica s&oacute;lida para presencia de marca y un recorrido de visitante controlado hacia un espacio discreto para reuniones confidenciales. El stand acogi&oacute; reuniones con responsables de compras de defensa durante la feria; Joe Alvite, Director de Desarrollo de Negocio Internacional de L3 ESSCO, destac&oacute; que el equipo &#8220;convirti&oacute; nuestras ideas en una realidad fant&aacute;stica&#8221; y que los visitantes &#8220;quedaron impresionados con el aspecto profesional y acogedor&#8221;. Puedes ver todos los detalles en el <a href=\"https:\/\/adamexpostand.com\/es\/caso-exito-l3-essco-feindef-ifema-madrid\/\">caso de &eacute;xito de L3 ESSCO en FEINDEF<\/a>.<\/p>\n<h2 id=\"s6\">&iquest;Cu&aacute;l es el calendario de planificaci&oacute;n para exponer en FEINDEF?<\/h2>\n<p><strong>Reserva tu constructor de stands y confirma tu categor&iacute;a de acreditaci&oacute;n entre 4 y 6 meses antes de que abra FEINDEF; es la misma ventana de seguridad que Adam Expo Stand recomienda para las principales ferias europeas, ya que reservar dentro de las 6&ndash;8 semanas previas suele encarecer la construcci&oacute;n de forma notable.<\/strong><\/p>\n<p>Un stand de defensa tiene una dependencia adicional que otros sectores no suelen tener: cualquier equipo o gr&aacute;fica que haga referencia a productos sujetos a control de exportaci&oacute;n puede necesitar la validaci&oacute;n legal o de cumplimiento interna antes de cerrar el arte final, as&iacute; que conviene iniciar esa revisi&oacute;n en paralelo al briefing de dise&ntilde;o, no despu&eacute;s.<\/p>\n<div class=\"aes-quiz\" style=\"background:#fafafa;border:1px solid #e3e3e3;border-radius:8px;padding:22px;margin:28px 0;\">\n<h3 style=\"margin-top:0;\">Comprueba r&aacute;pido: preparaci&oacute;n para tu stand en FEINDEF<\/h3>\n<p id=\"aes-q\" style=\"font-weight:bold;\">&iquest;Con cu&aacute;ntos meses de antelaci&oacute;n deber&iacute;as confirmar constructor y acreditaci&oacute;n para FEINDEF?<\/p>\n<p><button onclick=\"document.getElementById('aes-a').innerHTML='Entre 4 y 6 meses antes es la ventana segura: protege el presupuesto y deja tiempo para revisar el cumplimiento de equipos o gr&aacute;ficas.';\" style=\"margin:4px;padding:8px 14px;border:1px solid #1a5fb4;background:#fff;border-radius:5px;cursor:pointer;\">4&ndash;6 meses<\/button><br \/>\n<button onclick=\"document.getElementById('aes-a').innerHTML='No del todo: reservar dentro de las 6&ndash;8 semanas previas suele encarecer la construcci&oacute;n, as&iacute; que antes es m&aacute;s seguro.';\" style=\"margin:4px;padding:8px 14px;border:1px solid #1a5fb4;background:#fff;border-radius:5px;cursor:pointer;\">6&ndash;8 semanas<\/button><br \/>\n<button onclick=\"document.getElementById('aes-a').innerHTML='Con 2&ndash;3 semanas el recargo suele ser notable y no queda tiempo para la revisi&oacute;n de cumplimiento; evita este plazo si puedes.';\" style=\"margin:4px;padding:8px 14px;border:1px solid #1a5fb4;background:#fff;border-radius:5px;cursor:pointer;\">2&ndash;3 semanas<\/button><\/p>\n<p id=\"aes-a\" style=\"margin-top:12px;color:#1a5fb4;font-weight:bold;\">\n<\/div>\n<h2 id=\"s7\">&iquest;Qu&eacute; estrategia encaja con tu situaci&oacute;n?<\/h2>\n<h3>Expositor primerizo en FEINDEF<\/h3>\n<p>Prioriza el calendario de acreditaci&oacute;n y cumplimiento por encima del tama&ntilde;o del stand. Un stand modesto y bien organizado de 20&ndash;30&nbsp;m&sup2; con una zona de reuniones privada correcta rinde mejor que un stand mayor cuyo personal no sepa responder preguntas b&aacute;sicas de acreditaci&oacute;n el d&iacute;a de la feria.<\/p>\n<h3>Startup o pyme de defensa<\/h3>\n<p>Una mejora sobre stand modular b&aacute;sico (&euro;50&ndash;&euro;150\/m&sup2;) con una pared de marca potente y un peque&ntilde;o rinc&oacute;n cerrado para reuniones suele bastar para transmitir seriedad; los visitantes de compras en FEINDEF eval&uacute;an capacidad, no tama&ntilde;o de stand.<\/p>\n<h3>Gran contratista o integrador de sistemas<\/h3>\n<p>Una posici&oacute;n isla (60&nbsp;m&sup2; o m&aacute;s) con varias zonas de demostraci&oacute;n y dos o m&aacute;s salas privadas encaja con una empresa que encadena reuniones con delegaciones durante los tres d&iacute;as de feria; organiza el personal para que cada sala tenga un responsable dedicado.<\/p>\n<h3>Empresa extranjera que entra en el mercado espa&ntilde;ol de defensa<\/h3>\n<p>Apoyarse en un equipo constructor con base en Madrid que ya conozca los pabellones de FEINDEF y las normas de montaje del organizador elimina una capa de riesgo cuando adem&aacute;s se est&aacute; empezando a construir relaciones de compras en Espa&ntilde;a.<\/p>\n<div class=\"expert-tips\" style=\"background:#fff8e6;border-left:4px solid #c9a227;padding:18px 22px;margin:26px 0;border-radius:6px;\">\n<h3 style=\"margin-top:0;\">Consejos de nuestro equipo de montaje en Madrid<\/h3>\n<ul style=\"margin:0;padding-left:20px;\">\n<li>Pregunta en qu&eacute; pabell&oacute;n (4, 6, 8 o 10) te ubican en cuanto se publique el plano de planta: la altura de techo y los puntos de suspensi&oacute;n var&iacute;an por pabell&oacute;n y condicionan qu&eacute; rotulaci&oacute;n a&eacute;rea es posible.<\/li>\n<li>Sit&uacute;a la zona de reuniones privada lejos de la pared que da al pasillo principal; un simple tabique no basta si la ac&uacute;stica se filtra hacia fuera.<\/li>\n<li>Si tu gr&aacute;fica hace referencia a equipos sujetos a control de exportaci&oacute;n, consigue el visto bueno de cumplimiento antes de imprimir, no despu&eacute;s: reimprimir con urgencia en Madrid durante la semana de feria cuesta mucho m&aacute;s que una actualizaci&oacute;n de gr&aacute;fica normal.<\/li>\n<\/ul>\n<\/div>\n<h2 id=\"s8\">&iquest;C&oacute;mo convertir un stand en FEINDEF en contactos con compras y grandes contratistas?<\/h2>\n<p><strong>La generaci&oacute;n de contactos en FEINDEF funciona distinto a una feria de consumo: el objetivo son reuniones concertadas y cualificadas con contactos de compras concretos, en lugar de un gran volumen de acreditaciones simplemente escaneadas en el pasillo por curiosidad pasajera.<\/strong><\/p>\n<p>Usa el plazo de acreditaci&oacute;n para solicitar reuniones con las delegaciones objetivo antes de que abra la feria; la mayor&iacute;a de compradores de defensa llegan con una agenda fija y no te descubrir&aacute;n paseando por el pasillo.<\/p>\n<p>En el propio stand, pon en la zona de reuniones privada a alguien con seniority suficiente para responder preguntas t&eacute;cnicas y de compras directamente; aqu&iacute; un &#8220;lo consulto y te digo algo&#8221; cuesta m&aacute;s credibilidad que en una feria general. Despu&eacute;s de la feria, un seguimiento breve y espec&iacute;fico que haga referencia a la conversaci&oacute;n real funciona mejor que un correo gen&eacute;rico, especialmente con contactos gubernamentales que ven a decenas de expositores en tres d&iacute;as.<\/p>\n<div class=\"key-takeaway\" style=\"background:#fff8e6;border-left:4px solid #e5a50a;padding:14px 20px;margin:24px 0;border-radius:6px;\">\n<p style=\"margin:0;\"><strong>Punto clave:<\/strong> Concierta reuniones con las delegaciones objetivo antes de que abra FEINDEF; el pabell&oacute;n premia mucho m&aacute;s las conversaciones agendadas que la afluencia de paso.<\/p>\n<\/div>\n<div class=\"cta-block\" style=\"background:#1a5fb4;color:#fff;padding:24px;border-radius:8px;margin:30px 0;text-align:center;\">\n<h3 style=\"margin-top:0;color:#fff;\">&iquest;Planificando un stand para FEINDEF 2027?<\/h3>\n<p>Consigue un presupuesto detallado y un concepto 3D de un equipo de montaje propio en Madrid que ya ha construido para un expositor de defensa en FEINDEF.<\/p>\n<p><a href=\"https:\/\/adamexpostand.com\/es\/contact-us\/\" style=\"display:inline-block;background:#fff;color:#1a5fb4;padding:12px 24px;border-radius:6px;font-weight:bold;text-decoration:none;\">Solicita una consulta gratuita<\/a>\n<\/div>\n<div style=\"position:relative;padding-bottom:56.25%;height:0;overflow:hidden;margin:26px 0;\">\n<iframe src=\"https:\/\/www.youtube.com\/embed\/iqzHnuPOHQI\" title=\"Resumen de FEINDEF 2025, IFEMA Madrid\" loading=\"lazy\" frameborder=\"0\" allowfullscreen style=\"position:absolute;top:0;left:0;width:100%;height:100%;\"><\/iframe>\n<\/div>\n<section class=\"faq\" itemscope itemtype=\"https:\/\/schema.org\/FAQPage\">\n<h2>Preguntas frecuentes<\/h2>\n<div itemscope itemprop=\"mainEntity\" itemtype=\"https:\/\/schema.org\/Question\">\n<h3 itemprop=\"name\">&iquest;Cu&aacute;nto cuesta un stand en FEINDEF?<\/h3>\n<div itemscope itemprop=\"acceptedAnswer\" itemtype=\"https:\/\/schema.org\/Answer\">\n<p itemprop=\"text\">Un stand a medida cuesta normalmente entre &euro;300 y &euro;650\/m&sup2; de construcci&oacute;n, m&aacute;s entre &euro;2.000 y &euro;6.000 por una zona de reuniones privada o vitrina segura que suelen a&ntilde;adir los expositores de defensa.<\/p>\n<\/div>\n<\/div>\n<div itemscope itemprop=\"mainEntity\" itemtype=\"https:\/\/schema.org\/Question\">\n<h3 itemprop=\"name\">&iquest;Cu&aacute;ndo y d&oacute;nde es FEINDEF 2027?<\/h3>\n<div itemscope itemprop=\"acceptedAnswer\" itemtype=\"https:\/\/schema.org\/Answer\">\n<p itemprop=\"text\">FEINDEF 2027 se celebra del 18 al 20 de mayo de 2027 en IFEMA Madrid. La edici&oacute;n de 2025 ocup&oacute; los pabellones 4, 6, 8 y 10.<\/p>\n<\/div>\n<\/div>\n<div itemscope itemprop=\"mainEntity\" itemtype=\"https:\/\/schema.org\/Question\">\n<h3 itemprop=\"name\">&iquest;Necesito una acreditaci&oacute;n especial para exponer en FEINDEF?<\/h3>\n<div itemscope itemprop=\"acceptedAnswer\" itemtype=\"https:\/\/schema.org\/Answer\">\n<p itemprop=\"text\">S&iacute;. FEINDEF es una feria profesional sin acceso p&uacute;blico general; expositores y visitantes se registran a trav&eacute;s del propio proceso de acreditaci&oacute;n del organizador en lugar de una entrada est&aacute;ndar.<\/p>\n<\/div>\n<\/div>\n<div itemscope itemprop=\"mainEntity\" itemtype=\"https:\/\/schema.org\/Question\">\n<h3 itemprop=\"name\">&iquest;En qu&eacute; se diferencia FEINDEF de TECNOSEC DRONExpo?<\/h3>\n<div itemscope itemprop=\"acceptedAnswer\" itemtype=\"https:\/\/schema.org\/Answer\">\n<p itemprop=\"text\">FEINDEF es la feria del sector defensa en IFEMA Madrid; TECNOSEC DRONExpo es una feria distinta y m&aacute;s espec&iacute;fica de antidrones y tecnolog&iacute;a de seguridad en otro recinto de Madrid.<\/p>\n<\/div>\n<\/div>\n<div itemscope itemprop=\"mainEntity\" itemtype=\"https:\/\/schema.org\/Question\">\n<h3 itemprop=\"name\">&iquest;C&oacute;mo consigo una zona de reuniones privada en el stand?<\/h3>\n<div itemscope itemprop=\"acceptedAnswer\" itemtype=\"https:\/\/schema.org\/Answer\">\n<p itemprop=\"text\">Presup&uacute;estala como partida aparte de la construcci&oacute;n base, normalmente entre &euro;2.000 y &euro;6.000 seg&uacute;n tama&ntilde;o y acabado, y dise&ntilde;ala como una zona trasera acristalada o compartimentada, no como un rinc&oacute;n improvisado.<\/p>\n<\/div>\n<\/div>\n<div itemscope itemprop=\"mainEntity\" itemtype=\"https:\/\/schema.org\/Question\">\n<h3 itemprop=\"name\">&iquest;Con cu&aacute;nta antelaci&oacute;n debo reservar un stand para FEINDEF?<\/h3>\n<div itemscope itemprop=\"acceptedAnswer\" itemtype=\"https:\/\/schema.org\/Answer\">\n<p itemprop=\"text\">Entre 4 y 6 meses antes de la feria para el mejor precio; reservar dentro de las 6&ndash;8 semanas previas suele encarecer la construcci&oacute;n de forma notable.<\/p>\n<\/div>\n<\/div>\n<\/section>\n<div class=\"author-bio\" style=\"background:#f8f9fa;border-left:4px solid #c9a227;padding:20px 25px;margin:35px 0;border-radius:6px;\">\n<h3 style=\"margin-top:0;\">Sobre el autor: Adam Dragos<\/h3>\n<p><strong>Adam Dragos<\/strong> es Especialista en &Eacute;xito de Expositores en Adam Expo Stand, con a&ntilde;os de experiencia sobre el terreno en las principales ferias europeas, ayudando a expositores a dise&ntilde;ar, construir y gestionar stands de alto rendimiento en sedes como IFEMA Madrid, Fira de Barcelona, Messe Frankfurt y ExCeL London. Asesora a responsables de marketing y eventos en estrategia de stand, atracci&oacute;n de visitantes y retorno de la inversi&oacute;n en ferias.<\/p>\n<p><a href=\"https:\/\/adamexpostand.com\/author\/adam-dragos\/\" rel=\"author\">Lee m&aacute;s art&iacute;culos de Adam Dragos<\/a> &#8211; <a href=\"https:\/\/www.linkedin.com\/in\/adam-dragos\/\" rel=\"me nofollow noopener\" target=\"_blank\">Conecta en LinkedIn<\/a><\/p>\n<\/div>\n<div style=\"background:#f8f9fa;border:1px solid #dee2e6;padding:20px 25px;border-radius:6px;margin:35px 0;\">\n<h3 style=\"margin-top:0;color:#333;\">Lecturas recomendadas<\/h3>\n<ul style=\"margin:0;padding-left:20px;\">\n<li><a href=\"https:\/\/adamexpostand.com\/es\/guia-stand-tecnosec-dronexpo-madrid\/\">Gu&iacute;a de stand para TECNOSEC DRONExpo Madrid<\/a><\/li>\n<li><a href=\"https:\/\/adamexpostand.com\/es\/constructor-stands-ifema-madrid\/\">Constructor de stands en IFEMA Madrid<\/a><\/li>\n<li><a href=\"https:\/\/adamexpostand.com\/es\/guia-costes-stand-feria-europa\/\">Gu&iacute;a de costes de stands para ferias en Europa<\/a><\/li>\n<li><a href=\"https:\/\/adamexpostand.com\/es\/caso-exito-l3-essco-feindef-ifema-madrid\/\">Caso de &eacute;xito de L3 ESSCO en FEINDEF<\/a><\/li>\n<li><a href=\"https:\/\/adamexpostand.com\/es\/contact-us\/\">Solicita una consulta gratuita<\/a><\/li>\n<\/ul>\n<\/div>\n<div class=\"entity-block\" style=\"border-top:2px solid #1a5fb4;padding-top:16px;margin:30px 0;font-size:14px;color:#555;\">\n<p><strong>Adam Expo Stand<\/strong>: dise&ntilde;o y construcci&oacute;n de stands para ferias europeas. Con sede en Madrid, damos servicio a IFEMA, Fira de Barcelona, Messe Frankfurt y m&aacute;s de 50 ferias en toda Europa. Email: <a href=\"mailto:info@adamexpostand.com\">info@adamexpostand.com<\/a> &#8211; Tel&eacute;fono: +34 697 715 015.<\/p>\n<\/div>\n<p style=\"font-size:13px;color:#888;\">Fuentes: <a href=\"https:\/\/feindef.com\/index.php\/es\/\" rel=\"nofollow noopener\" target=\"_blank\">informaci&oacute;n oficial de FEINDEF<\/a>, <a href=\"https:\/\/www.ifema.es\/feindef\" rel=\"nofollow noopener\" target=\"_blank\">p&aacute;gina oficial de FEINDEF 2027 en IFEMA Madrid<\/a>, y datos propios de proyecto de Adam Expo Stand en montajes realizados en FEINDEF, IFEMA Madrid.<\/p>\n<p style=\"font-size:13px;color:#888;\">Tambi&eacute;n en: <a href=\"https:\/\/adamexpostand.medium.com\/\" rel=\"me nofollow noopener\" target=\"_blank\">Medium<\/a> &#8211; <a href=\"https:\/\/substack.com\/@adamexpostand\" rel=\"me nofollow noopener\" target=\"_blank\">Substack<\/a> &#8211; <a href=\"https:\/\/www.linkedin.com\/company\/adam-expo-stand\" rel=\"me nofollow noopener\" target=\"_blank\">LinkedIn<\/a><\/p>\n<script type=\"application\/ld+json\">\n{\n  \"@context\": \"https:\/\/schema.org\",\n  \"@graph\": [\n    { \"@type\": \"WebPage\", \"@id\": \"https:\/\/adamexpostand.com\/es\/feindef-international-defence-and-security-exhibition-ifema-madrid-spain\/#webpage\", \"url\": \"https:\/\/adamexpostand.com\/es\/feindef-international-defence-and-security-exhibition-ifema-madrid-spain\/\", \"name\": \"Stand para FEINDEF IFEMA Madrid: Gu\u00eda de Dise\u00f1o, Costes y Acreditaci\u00f3n (2027)\",\n      \"speakable\": { \"@type\": \"SpeakableSpecification\", \"cssSelector\": [\".quick-summary\", \".aeo-answer\"] } },\n    { \"@type\": \"BlogPosting\", \"@id\": \"https:\/\/adamexpostand.com\/es\/feindef-international-defence-and-security-exhibition-ifema-madrid-spain\/#article\", \"headline\": \"Stand para FEINDEF IFEMA Madrid: Gu\u00eda de Dise\u00f1o, Costes y Acreditaci\u00f3n (2027)\",\n      \"datePublished\": \"2023-03-17\", \"dateModified\": \"2026-09-05\", \"mainEntityOfPage\": \"https:\/\/adamexpostand.com\/es\/feindef-international-defence-and-security-exhibition-ifema-madrid-spain\/\",\n      \"author\": { \"@type\": \"Person\", \"name\": \"Adam Dragos\", \"jobTitle\": \"Exhibitor Success Specialist\",\n        \"url\": \"https:\/\/adamexpostand.com\/author\/adam-dragos\/\", \"worksFor\": { \"@type\": \"Organization\", \"name\": \"Adam Expo Stand\" },\n        \"sameAs\": [\"https:\/\/www.linkedin.com\/in\/adam-dragos\/\"] },\n      \"publisher\": { \"@id\": \"https:\/\/adamexpostand.com\/#organization\" } },\n    { \"@type\": \"VideoObject\", \"name\": \"Resumen de FEINDEF 2025, IFEMA Madrid\", \"description\": \"V\u00eddeo resumen de la feria de defensa y seguridad FEINDEF 2025 en IFEMA Madrid.\", \"thumbnailUrl\": \"https:\/\/img.youtube.com\/vi\/iqzHnuPOHQI\/hqdefault.jpg\", \"uploadDate\": \"2025-05-20\", \"embedUrl\": \"https:\/\/www.youtube.com\/embed\/iqzHnuPOHQI\" },\n    { \"@type\": \"FAQPage\", \"mainEntity\": [\n      { \"@type\": \"Question\", \"name\": \"\u00bfCu\u00e1nto cuesta un stand en FEINDEF?\", \"acceptedAnswer\": { \"@type\": \"Answer\", \"text\": \"Un stand a medida cuesta normalmente \u20ac300\u2013\u20ac650\/m\u00b2 de construcci\u00f3n, m\u00e1s \u20ac2.000\u2013\u20ac6.000 por una zona de reuniones privada o vitrina segura que suelen a\u00f1adir los expositores de defensa.\" } },\n      { \"@type\": \"Question\", \"name\": \"\u00bfCu\u00e1ndo y d\u00f3nde es FEINDEF 2027?\", \"acceptedAnswer\": { \"@type\": \"Answer\", \"text\": \"FEINDEF 2027 se celebra del 18 al 20 de mayo de 2027 en IFEMA Madrid. La edici\u00f3n de 2025 ocup\u00f3 los pabellones 4, 6, 8 y 10.\" } },\n      { \"@type\": \"Question\", \"name\": \"\u00bfNecesito una acreditaci\u00f3n especial para exponer en FEINDEF?\", \"acceptedAnswer\": { \"@type\": \"Answer\", \"text\": \"S\u00ed. FEINDEF es una feria profesional sin acceso p\u00fablico general; expositores y visitantes se registran a trav\u00e9s del propio proceso de acreditaci\u00f3n del organizador.\" } },\n      { \"@type\": \"Question\", \"name\": \"\u00bfEn qu\u00e9 se diferencia FEINDEF de TECNOSEC DRONExpo?\", \"acceptedAnswer\": { \"@type\": \"Answer\", \"text\": \"FEINDEF es la feria del sector defensa en IFEMA Madrid; TECNOSEC DRONExpo es una feria distinta y m\u00e1s espec\u00edfica de antidrones y tecnolog\u00eda de seguridad en otro recinto de Madrid.\" } },\n      { \"@type\": \"Question\", \"name\": \"\u00bfC\u00f3mo consigo una zona de reuniones privada en el stand?\", \"acceptedAnswer\": { \"@type\": \"Answer\", \"text\": \"Presup\u00faestala como partida aparte de la construcci\u00f3n base, normalmente \u20ac2.000\u2013\u20ac6.000 seg\u00fan tama\u00f1o y acabado.\" } },\n      { \"@type\": \"Question\", \"name\": \"\u00bfCon cu\u00e1nta antelaci\u00f3n debo reservar un stand para FEINDEF?\", \"acceptedAnswer\": { \"@type\": \"Answer\", \"text\": \"Entre 4 y 6 meses antes de la feria para el mejor precio; reservar dentro de las 6\u20138 semanas previas suele encarecer la construcci\u00f3n.\" } }\n    ] },\n    { \"@type\": \"BreadcrumbList\", \"itemListElement\": [\n      { \"@type\": \"ListItem\", \"position\": 1, \"name\": \"Inicio\", \"item\": \"https:\/\/adamexpostand.com\/es\/\" },\n      { \"@type\": \"ListItem\", \"position\": 2, \"name\": \"Stand para FEINDEF IFEMA Madrid\", \"item\": \"https:\/\/adamexpostand.com\/es\/feindef-international-defence-and-security-exhibition-ifema-madrid-spain\/\" } ] },\n    { \"@type\": \"ProfessionalService\", \"name\": \"Adam Expo Stand\", \"areaServed\": \"Europe\",\n      \"url\": \"https:\/\/adamexpostand.com\/\" }\n  ]\n}\n<\/script>\n","protected":false},"excerpt":{"rendered":"<p>\u00bfVas a exhibir en FEINDEF IFEMA Madrid? Rangos de coste reales, log\u00edstica de los pabellones 4\/6\/8\/10, acreditaci\u00f3n de seguridad y calendario de montaje.<\/p>\n","protected":false},"author":2,"featured_media":4406,"comment_status":"closed","ping_status":"closed","sticky":false,"template":"","format":"standard","meta":{"_kad_blocks_custom_css":"","_kad_blocks_head_custom_js":"","_kad_blocks_body_custom_js":"","_kad_blocks_footer_custom_js":"","_kad_post_transparent":"","_kad_post_title":"","_kad_post_layout":"","_kad_post_sidebar_id":"","_kad_post_content_style":"","_kad_post_vertical_padding":"","_kad_post_feature":"","_kad_post_feature_position":"","_kad_post_header":false,"_kad_post_footer":false,"_kad_post_classname":"","footnotes":""},"categories":[1748],"tags":[],"class_list":["post-4626","post","type-post","status-publish","format-standard","has-post-thumbnail","hentry","category-blog"],"taxonomy_info":{"category":[{"value":1748,"label":"Blog"}]},"featured_image_src_large":["https:\/\/adamexpostand.com\/wp-content\/uploads\/2023\/03\/FEINDEF-International-Defence-and-Security-Exhibition-IFEMA-MADRID-e1763285808608.jpg",1290,968,false],"author_info":{"display_name":"Adam","author_link":"https:\/\/adamexpostand.com\/es\/author\/admin-2\/"},"comment_info":0,"category_info":[{"term_id":1748,"name":"Blog","slug":"blog","term_group":0,"term_taxonomy_id":1748,"taxonomy":"category","description":"","parent":0,"count":176,"filter":"raw","cat_ID":1748,"category_count":176,"category_description":"","cat_name":"Blog","category_nicename":"blog","category_parent":0}],"tag_info":false,"_links":{"self":[{"href":"https:\/\/adamexpostand.com\/es\/wp-json\/wp\/v2\/posts\/4626","targetHints":{"allow":["GET"]}}],"collection":[{"href":"https:\/\/adamexpostand.com\/es\/wp-json\/wp\/v2\/posts"}],"about":[{"href":"https:\/\/adamexpostand.com\/es\/wp-json\/wp\/v2\/types\/post"}],"author":[{"embeddable":true,"href":"https:\/\/adamexpostand.com\/es\/wp-json\/wp\/v2\/users\/2"}],"replies":[{"embeddable":true,"href":"https:\/\/adamexpostand.com\/es\/wp-json\/wp\/v2\/comments?post=4626"}],"version-history":[{"count":3,"href":"https:\/\/adamexpostand.com\/es\/wp-json\/wp\/v2\/posts\/4626\/revisions"}],"predecessor-version":[{"id":11088,"href":"https:\/\/adamexpostand.com\/es\/wp-json\/wp\/v2\/posts\/4626\/revisions\/11088"}],"wp:featuredmedia":[{"embeddable":true,"href":"https:\/\/adamexpostand.com\/es\/wp-json\/wp\/v2\/media\/4406"}],"wp:attachment":[{"href":"https:\/\/adamexpostand.com\/es\/wp-json\/wp\/v2\/media?parent=4626"}],"wp:term":[{"taxonomy":"category","embeddable":true,"href":"https:\/\/adamexpostand.com\/es\/wp-json\/wp\/v2\/categories?post=4626"},{"taxonomy":"post_tag","embeddable":true,"href":"https:\/\/adamexpostand.com\/es\/wp-json\/wp\/v2\/tags?post=4626"}],"curies":[{"name":"wp","href":"https:\/\/api.w.org\/{rel}","templated":true}]}}