{"id":4582,"date":"2017-09-14T19:53:41","date_gmt":"2017-09-14T19:53:41","guid":{"rendered":"https:\/\/adamexpostand.com\/sin-categorizar\/consejos-para-elegir-stand-de-esquema-de-concha-paneles-de-cartel-y-mobiliario-para-ferias-y-congresos-en-espana\/"},"modified":"2026-09-04T09:14:36","modified_gmt":"2026-09-04T09:14:36","slug":"trade-show-booth-design-spain-6-current-keys-to-success-2","status":"publish","type":"post","link":"https:\/\/adamexpostand.com\/es\/trade-show-booth-design-spain-6-current-keys-to-success-2\/","title":{"rendered":"Mobiliario y Paneles Poster para Stands de M\u00f3dulo Est\u00e1ndar: Gu\u00eda de Pedido para Ferias Europeas"},"content":{"rendered":"<p class=\"post-byline\" style=\"color:#555;font-size:15px;margin:0 0 6px 0;\">\nPor <a href=\"https:\/\/adamexpostand.com\/author\/adam-dragos\/\" rel=\"author\"><strong>Adam Dragos<\/strong><\/a>, Especialista en \u00c9xito de Expositores\n<\/p>\n<p class=\"post-updated\" style=\"color:#777;font-size:14px;margin:0 0 25px 0;\">\n\u00daltima actualizaci\u00f3n: <time datetime=\"2026-09-04\">4 de septiembre de 2026<\/time>\n<\/p>\n<div class=\"quick-summary\" style=\"background:#eef4fb;border-left:4px solid #1a5fb4;padding:18px 22px;margin:0 0 28px;border-radius:6px;\">\n<p style=\"margin:0;\"><strong>Respuesta r\u00e1pida:<\/strong> Un stand de m\u00f3dulo est\u00e1ndar en recintos como IFEMA Madrid o Fira de Barcelona incluye los paneles de pared, el r\u00f3tulo de fachada y la moqueta, pero no el mobiliario ni los gr\u00e1ficos impresos. Los paneles poster suelen medir entre 950 y 1.000mm de ancho por 2.400mm de alto y tardan unos 5 d\u00edas h\u00e1biles en imprimirse, y amueblar y decorar un stand de 3x3m suele a\u00f1adir entre varios cientos y unos pocos miles de euros sobre el paquete base. Pida ambos con al menos 3 semanas de antelaci\u00f3n al montaje para evitar recargos de urgencia.<\/p>\n<\/div>\n<p><img fetchpriority=\"high\" decoding=\"async\" src=\"https:\/\/adamexpostand.com\/wp-content\/uploads\/2026\/09\/mobiliario-paneles-poster-stand-modulo-estandar-infografia.jpg\" alt=\"Infografia con datos de mobiliario y paneles poster para stands de modulo estandar: ancho de panel 950-1000mm, produccion en 5 dias habiles y coste de mejora de 100-180 EUR por metro cuadrado.\" style=\"max-width:100%;height:auto;border-radius:8px;margin:0 0 28px;\" width=\"820\" height=\"460\"><\/p>\n<div class=\"aeo-answer\" style=\"border:1px solid #d0d7de;border-radius:6px;padding:18px 22px;margin:24px 0;\">\n<h2 style=\"margin-top:0;\">\u00bfQu\u00e9 mobiliario y paneles poster incluye de serie un stand de m\u00f3dulo est\u00e1ndar?<\/h2>\n<p><strong>Un paquete de m\u00f3dulo est\u00e1ndar cubre solo la estructura: perfiler\u00eda de aluminio, paneles de pared en foamex o laminado, un r\u00f3tulo de fachada con el nombre de su empresa y moqueta b\u00e1sica, normalmente hasta 2,5m de altura en dos o tres lados, con el mobiliario y los gr\u00e1ficos siempre pedidos aparte al organizador o a su constructor de stands.<\/strong><\/p>\n<\/div>\n<div class=\"aes-quiz\" style=\"background:#fafafa;border:1px solid #e3e3e3;border-radius:8px;padding:22px;margin:28px 0;\">\n<h3 style=\"margin-top:0;\">Comprobaci\u00f3n r\u00e1pida: \u00bfest\u00e1 preparado para pedir su m\u00f3dulo est\u00e1ndar?<\/h3>\n<p id=\"aes-q\" style=\"font-weight:bold;\">\u00bfCu\u00e1ntos d\u00edas h\u00e1biles tarda normalmente en imprimirse un panel gr\u00e1fico de m\u00f3dulo est\u00e1ndar?<\/p>\n<p><button onclick=\"document.getElementById('aes-a').innerHTML='Unos 5 d\u00edas h\u00e1biles en producci\u00f3n est\u00e1ndar, pero calcule 3 semanas en total para dejar tiempo a la aprobaci\u00f3n del dise\u00f1o, una posible reimpresi\u00f3n y el env\u00edo al recinto.';\" style=\"margin:4px;padding:8px 14px;border:1px solid #1a5fb4;background:#fff;border-radius:5px;cursor:pointer;\">2 d\u00edas<\/button><br \/>\n<button onclick=\"document.getElementById('aes-a').innerHTML='Cerca, pero la producci\u00f3n est\u00e1ndar es de unos 5 d\u00edas h\u00e1biles; deje igualmente 3 semanas en total para aprobaciones y env\u00edo.';\" style=\"margin:4px;padding:8px 14px;border:1px solid #1a5fb4;background:#fff;border-radius:5px;cursor:pointer;\">5 d\u00edas h\u00e1biles<\/button><br \/>\n<button onclick=\"document.getElementById('aes-a').innerHTML='Correcto. La producci\u00f3n est\u00e1ndar es de unos 5 d\u00edas h\u00e1biles; el tiempo adicional dentro de una ventana de 3 semanas cubre la aprobaci\u00f3n del dise\u00f1o, una posible reimpresi\u00f3n y la entrega en el pabell\u00f3n.';\" style=\"margin:4px;padding:8px 14px;border:1px solid #1a5fb4;background:#fff;border-radius:5px;cursor:pointer;\">5 d\u00edas h\u00e1biles, m\u00e1s margen<\/button><\/p>\n<p id=\"aes-a\" style=\"margin-top:12px;color:#1a5fb4;font-weight:bold;\">\n<\/div>\n<div class=\"post-toc\" style=\"background:#f6f8fa;border:1px solid #e3e3e3;border-radius:6px;padding:16px 22px;margin:24px 0;\">\n<strong>En esta p\u00e1gina<\/strong><\/p>\n<ul style=\"margin:8px 0 0;padding-left:20px;\">\n<li><a href=\"#s1\">\u00bfQu\u00e9 mobiliario incluye de serie un stand de m\u00f3dulo est\u00e1ndar?<\/a><\/li>\n<li><a href=\"#s2\">Medidas de los paneles poster y c\u00f3mo se fijan a la pared<\/a><\/li>\n<li><a href=\"#s3\">Cu\u00e1nto cuesta amueblar y decorar un stand de m\u00f3dulo est\u00e1ndar<\/a><\/li>\n<li><a href=\"#s4\">Con cu\u00e1nta antelaci\u00f3n pedir mobiliario y paneles poster<\/a><\/li>\n<li><a href=\"#s5\">\u00bfAlquilar, comprar o traer su propio mobiliario?<\/a><\/li>\n<li><a href=\"#s6\">Errores de mobiliario que hacen perder visitantes<\/a><\/li>\n<li><a href=\"#s7\">\u00bfQu\u00e9 estrategia encaja con su situaci\u00f3n?<\/a><\/li>\n<\/ul>\n<\/div>\n<p>Recorra las filas de m\u00f3dulo est\u00e1ndar en IFEMA Madrid o Fira de Barcelona el d\u00eda antes de la apertura y ver\u00e1 enseguida qui\u00e9n dej\u00f3 el mobiliario y los gr\u00e1ficos para el \u00faltimo momento: paneles blancos vac\u00edos, una mesa plegable de recepci\u00f3n y una cola en el mostrador de mobiliario del organizador que cierra antes de que les toque el turno. La estructura en s\u00ed, paredes, fachada, moqueta, nunca es el problema. Lo que hunde un stand de m\u00f3dulo est\u00e1ndar es tratar el mobiliario y los paneles poster como un a\u00f1adido de \u00faltima hora en lugar de un pedido planificado y presupuestado.<\/p>\n<p>Si se falla en los plazos, los costes se acumulan: recargos de urgencia del contratista oficial, una reimpresi\u00f3n de gr\u00e1ficos que llega tarde para la feria, o un stand con aspecto inacabado junto a vecinos que s\u00ed pidieron a tiempo. Nada de esto es caro de evitar, solo hay que planificarlo con tres semanas de margen, no con tres d\u00edas.<\/p>\n<p>Esta gu\u00eda explica exactamente qu\u00e9 incluye y qu\u00e9 no incluye un paquete est\u00e1ndar de mobiliario para m\u00f3dulo est\u00e1ndar, las medidas reales de los paneles y sus plazos de producci\u00f3n, rangos de coste defendibles para amueblar y decorar, y el calendario de pedido que utilizamos con clientes que montan stands de m\u00f3dulo est\u00e1ndar en ferias de toda Europa.<\/p>\n<h2 id=\"s1\">\u00bfQu\u00e9 mobiliario incluye de serie un stand de m\u00f3dulo est\u00e1ndar?<\/h2>\n<p>Ninguno. Un paquete de m\u00f3dulo est\u00e1ndar es solo la estructura y nada m\u00e1s: perfiler\u00eda de aluminio, paneles de pared (normalmente foamex blanco), un r\u00f3tulo de fachada con el nombre de su empresa y el n\u00famero de stand, y moqueta b\u00e1sica, construido hasta unos 2,5 metros de altura en dos o tres paredes con el frente abierto.<\/p>\n<p>Ninguna mesa, silla, mostrador ni gr\u00e1fico llega con ese paquete, sea cual sea el tama\u00f1o del stand.<\/p>\n<p>Las medidas est\u00e1ndar habituales son 3x2m, 3x3m (la m\u00e1s frecuente en el pabell\u00f3n), 3x4m y 6x2m, hasta unos 20m\u00b2 en posiciones de esquina o de mayor tama\u00f1o. Los organizadores publican esta distinci\u00f3n en sus manuales del expositor precisamente porque muchos expositores primerizos dan por hecho que &#8220;m\u00f3dulo est\u00e1ndar&#8221; significa &#8220;stand amueblado&#8221;.<\/p>\n<div class=\"key-takeaway\" style=\"background:#fff8e6;border-left:4px solid #e5a50a;padding:14px 20px;margin:24px 0;border-radius:6px;\">\n<p style=\"margin:0;\"><strong>Punto clave:<\/strong> Presupueste el mobiliario y los gr\u00e1ficos como una partida aparte de la cuota del m\u00f3dulo est\u00e1ndar, nunca vienen incluidos.<\/p>\n<\/div>\n<h2 id=\"s2\">Medidas de los paneles poster y c\u00f3mo se fijan a la pared<\/h2>\n<p>Los paneles poster de m\u00f3dulo est\u00e1ndar se fabrican en dos medidas est\u00e1ndar: unos 950mm de ancho por 2.400mm de alto en PVC enrollable, o unos 1.000mm por 2.400mm en cart\u00f3n corrugado r\u00edgido, ajustados a los m\u00f3dulos de pared del sistema, con una producci\u00f3n de unos 5 d\u00edas h\u00e1biles tras aprobar el dise\u00f1o.<\/p>\n<p>Las fichas t\u00e9cnicas publicadas por el proveedor de gr\u00e1ficos <a href=\"https:\/\/marlerhaley.co.uk\/products\/shell-scheme-graphics\" target=\"_blank\" rel=\"noopener\">Marler Haley<\/a> confirman estas medidas. Los paneles suelen fijarse con velcro (gancho y bucle) en la parte trasera, de modo que se colocan y retiran sin herramientas y sin da\u00f1ar la pared del m\u00f3dulo.<\/p>\n<p>Dos detalles pr\u00e1cticos suelen atrapar a los expositores primerizos. Primero, el dise\u00f1o debe ajustarse a la plantilla del fabricante del panel, no solo a la medida de la pared, o la imprenta lo devolver\u00e1 para corregirlo, lo que cuesta un ciclo entero de producci\u00f3n. Segundo, los paneles de PVC se enrollan para transportarse y guardarse, mientras que los de cart\u00f3n r\u00edgido deben viajar y almacenarse en plano, algo importante si va a reutilizar los paneles en m\u00e1s de una feria en la misma temporada.<\/p>\n<p><em>Nuestro veredicto:<\/em> seg\u00fan nuestra experiencia construyendo en IFEMA y Fira de Barcelona, los paneles que realmente aguantan una temporada de varias ferias son el PVC enrollable con velcro, no el cart\u00f3n r\u00edgido. El cart\u00f3n luce algo m\u00e1s n\u00edtido el primer d\u00eda, pero se abolla en el transporte y la mayor\u00eda de expositores acaban reimprimi\u00e9ndolo para la segunda feria, lo que anula cualquier ahorro inicial.<\/p>\n<h2 id=\"s3\">Cu\u00e1nto cuesta amueblar y decorar un stand de m\u00f3dulo est\u00e1ndar<\/h2>\n<p>Amueblar y decorar suele costar m\u00e1s que el propio paquete de m\u00f3dulo est\u00e1ndar: la mejora del m\u00f3dulo ronda los <strong>100-180 EUR por m\u00b2<\/strong>, mientras que el mobiliario y los gr\u00e1ficos para un stand de 3x3m a\u00f1aden entre 1.500 y 3.500 libras (unos 1.750-4.100 EUR), seg\u00fan cu\u00e1nto alquile frente a lo que compre.<\/p>\n<p>Nuestros propios datos de coste de stands en Europa sit\u00faan esa mejora de m\u00f3dulo est\u00e1ndar en contexto, consulte la <a href=\"https:\/\/adamexpostand.com\/es\/coste-stand-exposicion-europa-2026-guia-presupuesto\/\">gu\u00eda completa de costes de stands en Europa<\/a> para compararlo con stands modulares y a medida, y el contratista brit\u00e1nico <a href=\"https:\/\/www.fullcircleeventsltd.co.uk\/what-is-a-shell-scheme-stand\/\" target=\"_blank\" rel=\"noopener\">Full Circle Events<\/a> publica el rango de mobiliario y gr\u00e1ficos para un stand de 3x3m.<\/p>\n<p>Los costes ocultos que sorprenden a los expositores casi nunca son el mobiliario en s\u00ed. Son: recargos de producci\u00f3n urgente cuando los gr\u00e1ficos se piden dentro del plazo l\u00edmite, alquiler de mobiliario de &#8220;emergencia&#8221; en el propio recinto a precio elevado cuando el mostrador del organizador ya se ha quedado sin existencias, costes de almacenaje y reimpresi\u00f3n cuando los paneles de cart\u00f3n llegan da\u00f1ados, y peque\u00f1os extras como enchufes adicionales o focos que nunca aparecieron desglosados en el presupuesto original. Pida siempre un presupuesto desglosado a cualquier proveedor de mobiliario o gr\u00e1ficos de m\u00f3dulo est\u00e1ndar, nunca una cifra \u00fanica cerrada.<\/p>\n<h2 id=\"s4\">Con cu\u00e1nta antelaci\u00f3n pedir mobiliario y paneles poster<\/h2>\n<p>Pida el mobiliario y los paneles poster de su m\u00f3dulo est\u00e1ndar con al menos 3 semanas de antelaci\u00f3n al montaje, aunque la producci\u00f3n est\u00e1ndar de gr\u00e1ficos ronde los 5 d\u00edas h\u00e1biles. Ese margen adicional cubre la aprobaci\u00f3n del dise\u00f1o, una posible reimpresi\u00f3n y el riesgo de que las piezas de mobiliario m\u00e1s solicitadas se agoten antes.<\/p>\n<p>Los mostradores de mobiliario del organizador suelen agotar primero mostradores y taburetes, mucho antes de la feria, y los expositores que piden dentro de los 7-10 d\u00edas previos suelen pagar recargos de urgencia o quedarse con lo que quede en el almac\u00e9n.<\/p>\n<p>La mayor\u00eda de organizadores publican un plazo l\u00edmite firme en el manual del expositor, a partir del cual los pedidos de mobiliario llevan recargo o dejan de aceptarse directamente, y pedir en el propio recinto suele ser m\u00e1s caro y mucho menos fiable que el precio de cat\u00e1logo. Trate el plazo del manual como la fecha l\u00edmite absoluta, no como el objetivo.<\/p>\n<div class=\"key-takeaway\" style=\"background:#fff8e6;border-left:4px solid #e5a50a;padding:14px 20px;margin:24px 0;border-radius:6px;\">\n<p style=\"margin:0;\"><strong>Punto clave:<\/strong> Anote el plazo de mobiliario y gr\u00e1ficos del organizador el mismo d\u00eda que reserve su espacio, no la semana de la feria.<\/p>\n<\/div>\n<h2 id=\"s5\">\u00bfAlquilar, comprar o traer su propio mobiliario?<\/h2>\n<p>Alquilar a trav\u00e9s del contratista oficial es la opci\u00f3n con menos fricci\u00f3n, aunque gen\u00e9rica. Comprar se amortiza a partir de la segunda o tercera feria y aporta una imagen de marca consistente. Traer mobiliario propio solo funciona para una feria cercana y aislada, y rara vez sobrevive a los costes de transporte o de aduanas en trayectos m\u00e1s largos.<\/p>\n<p>El alquiler se entrega, se monta y se retira sin que usted gestione la log\u00edstica, pero cualquier stand vecino puede pedir la misma silla de cat\u00e1logo. Comprar cuesta m\u00e1s por adelantado, y tambi\u00e9n deber\u00e1 presupuestar almacenaje y transporte entre eventos.<\/p>\n<p>Una regla pr\u00e1ctica de nuestras propias hojas de montaje: si una pieza de mobiliario va a viajar a menos de tres ferias al a\u00f1o, alqu\u00edlela; si va a viajar a cuatro o m\u00e1s, c\u00f3mprela. El almacenaje entre ferias es el coste que se suele olvidar presupuestar, un espacio de pal\u00e9 en un almac\u00e9n en Madrid sale mucho m\u00e1s barato en una temporada que el alquiler repetido, pero solo si el mobiliario se reutiliza de verdad en lugar de quedar parado hasta el siguiente evento.<\/p>\n<p>Una cuarta opci\u00f3n a considerar para una temporada con varias ferias es comprar un set de mobiliario modular una sola vez y reutilizarlo, combinado con gr\u00e1ficos en PVC enrollable que se pueden reimprimir barato cuando cambia el mensaje pero el mobiliario se mantiene. Suele ser la opci\u00f3n de menor coste total a partir de cuatro ferias al a\u00f1o.<\/p>\n<h2 id=\"s6\">Errores de mobiliario que hacen perder visitantes<\/h2>\n<p>Los tres errores de mobiliario m\u00e1s comunes en m\u00f3dulo est\u00e1ndar son un mostrador alto que bloquea la visi\u00f3n hacia el interior del stand, ausencia de asientos para conversaciones largas, y gr\u00e1ficos con texto demasiado peque\u00f1o para leerse desde el pasillo. Cada uno reduce directamente cu\u00e1ntos visitantes se paran y cu\u00e1nto tiempo se quedan.<\/p>\n<p>Un mostrador alto impide que los visitantes vean qu\u00e9 fabrica desde el pasillo. Un taburete y ninguna zona de asiento obliga a que toda reuni\u00f3n se haga de pie en el borde del pasillo, acort\u00e1ndola. Y un titular legible solo desde 30cm desperdicia los dos segundos que un visitante realmente dedica a su panel al pasar.<\/p>\n<p>El cuarto error, y el que m\u00e1s vemos en las ferias de alimentaci\u00f3n e industrial de Fira de Barcelona en concreto, es un mobiliario que no encaja con el producto expuesto: taburetes altos y mesas de pie en un stand pensado para conversaciones t\u00e9cnicas detalladas, cuando unos asientos bajos y una pantalla mantendr\u00edan m\u00e1s tiempo el inter\u00e9s de un contacto cualificado.<\/p>\n<div class=\"expert-tips\" style=\"background:#fff8e6;border-left:4px solid #c9a227;padding:18px 22px;margin:26px 0;border-radius:6px;\">\n<h3 style=\"margin-top:0;\">Consejos de m\u00e1s de 20 a\u00f1os sobre el terreno<\/h3>\n<ul style=\"margin:0;padding-left:20px;\">\n<li>En IFEMA Madrid, el mostrador del contratista oficial de mobiliario suele estar en uno de los pabellones de entrada; anote el pabell\u00f3n antes de la feria, no despu\u00e9s de perder 20 minutos busc\u00e1ndolo.<\/li>\n<li>Lleve una copia en el m\u00f3vil del dise\u00f1o de sus gr\u00e1ficos aprobado durante el montaje; si un panel se da\u00f1a en el transporte, una imprenta local cerca del recinto suele resolver una sustituci\u00f3n m\u00e1s r\u00e1pido que el servicio de urgencia del contratista oficial.<\/li>\n<li>Pida la entrega del mobiliario la tarde anterior a que termine el montaje, no la ma\u00f1ana del mismo d\u00eda, para tener horas de luz y poder reorganizar el dise\u00f1o una vez montado el stand.<\/li>\n<\/ul>\n<\/div>\n<h2 id=\"s7\">\u00bfQu\u00e9 estrategia encaja con su situaci\u00f3n?<\/h2>\n<h3>Expositor primerizo con presupuesto ajustado<\/h3>\n<p>Alquile a trav\u00e9s del contratista oficial y limite el mobiliario a un mostrador, dos taburetes y una mesa baja, y destine el presupuesto ahorrado a un \u00fanico panel poster en PVC bien resuelto en lugar de tres mediocres. Un mensaje claro gana a tres mensajes amontonados en 3x3m.<\/p>\n<h3>Empresa tecnol\u00f3gica B2B que busca una imagen premium con presupuesto de m\u00f3dulo est\u00e1ndar<\/h3>\n<p>Compre una pieza destacada, un mostrador de marca o un lightbox, y alquile el resto. Un \u00fanico elemento bien resuelto se percibe como cuidado; un cat\u00e1logo entero de alquiler se percibe como gen\u00e9rico, se combine como se combine.<\/p>\n<h3>Expositores en 4 o m\u00e1s ferias al a\u00f1o<\/h3>\n<p>Compre mobiliario modular una vez y reimprima gr\u00e1ficos en PVC enrollable en cada feria. En una temporada suele salir m\u00e1s barato que el alquiler repetido, y su marca se ve consistente de IFEMA a Fira de Barcelona y Messe Frankfurt.<\/p>\n<h3>Expositor de \u00faltima hora que ha perdido el plazo de mobiliario<\/h3>\n<p>Llame directamente al contratista oficial en lugar de fiarlo todo al formulario de pedido online, a veces guardan una peque\u00f1a reserva para peticiones tard\u00edas que nunca aparece en el cat\u00e1logo online una vez marcado como agotado.<\/p>\n<div style=\"position:relative;padding-bottom:56.25%;height:0;overflow:hidden;margin:26px 0;\">\n<iframe src=\"https:\/\/www.youtube.com\/embed\/1WD_MmSanao\" title=\"Instalaci\u00f3n de gr\u00e1ficos de vinilo en un stand de m\u00f3dulo est\u00e1ndar\" loading=\"lazy\" frameborder=\"0\" allowfullscreen style=\"position:absolute;top:0;left:0;width:100%;height:100%;\"><\/iframe>\n<\/div>\n<section class=\"faq\" itemscope itemtype=\"https:\/\/schema.org\/FAQPage\">\n<h2>Preguntas frecuentes<\/h2>\n<div itemscope itemprop=\"mainEntity\" itemtype=\"https:\/\/schema.org\/Question\">\n<h3 itemprop=\"name\">\u00bfEl mobiliario viene incluido en un stand de m\u00f3dulo est\u00e1ndar?<\/h3>\n<div itemscope itemprop=\"acceptedAnswer\" itemtype=\"https:\/\/schema.org\/Answer\">\n<p itemprop=\"text\">No. Un paquete de m\u00f3dulo est\u00e1ndar cubre solo los paneles de pared, el r\u00f3tulo de fachada y la moqueta; el mobiliario, la iluminaci\u00f3n y los gr\u00e1ficos impresos se piden y se pagan aparte.<\/p>\n<\/div>\n<\/div>\n<div itemscope itemprop=\"mainEntity\" itemtype=\"https:\/\/schema.org\/Question\">\n<h3 itemprop=\"name\">\u00bfCu\u00e1nto cuesta alquilar mobiliario para un m\u00f3dulo est\u00e1ndar?<\/h3>\n<div itemscope itemprop=\"acceptedAnswer\" itemtype=\"https:\/\/schema.org\/Answer\">\n<p itemprop=\"text\">El contratista brit\u00e1nico Full Circle Events sit\u00faa el mobiliario y los gr\u00e1ficos combinados para un stand de 3x3m en torno a 1.500-3.500 libras (unos 1.750-4.100 EUR), seg\u00fan cu\u00e1ntos paneles imprima y cu\u00e1nto alquile frente a lo que traiga.<\/p>\n<\/div>\n<\/div>\n<div itemscope itemprop=\"mainEntity\" itemtype=\"https:\/\/schema.org\/Question\">\n<h3 itemprop=\"name\">\u00bfQu\u00e9 medidas tienen los paneles poster de m\u00f3dulo est\u00e1ndar?<\/h3>\n<div itemscope itemprop=\"acceptedAnswer\" itemtype=\"https:\/\/schema.org\/Answer\">\n<p itemprop=\"text\">Unos 950mm de ancho por 2.400mm de alto en PVC enrollable, o unos 1.000mm por 2.400mm en cart\u00f3n corrugado r\u00edgido, ajustados a los m\u00f3dulos de pared est\u00e1ndar del sistema.<\/p>\n<\/div>\n<\/div>\n<div itemscope itemprop=\"mainEntity\" itemtype=\"https:\/\/schema.org\/Question\">\n<h3 itemprop=\"name\">\u00bfPuedo traer mi propio mobiliario a un stand de m\u00f3dulo est\u00e1ndar?<\/h3>\n<div itemscope itemprop=\"acceptedAnswer\" itemtype=\"https:\/\/schema.org\/Answer\">\n<p itemprop=\"text\">S\u00ed, para una \u00fanica feria cercana, pero los costes de transporte y de aduanas suelen hacer que alquilar o comprar piezas modulares salga m\u00e1s barato en cuanto se trata de m\u00e1s de una feria o de una distancia mayor.<\/p>\n<\/div>\n<\/div>\n<div itemscope itemprop=\"mainEntity\" itemtype=\"https:\/\/schema.org\/Question\">\n<h3 itemprop=\"name\">\u00bfCon cu\u00e1nta antelaci\u00f3n debo pedir los gr\u00e1ficos del m\u00f3dulo est\u00e1ndar?<\/h3>\n<div itemscope itemprop=\"acceptedAnswer\" itemtype=\"https:\/\/schema.org\/Answer\">\n<p itemprop=\"text\">Con al menos 3 semanas de antelaci\u00f3n al montaje. La producci\u00f3n est\u00e1ndar de impresi\u00f3n ronda los 5 d\u00edas h\u00e1biles, pero el resto del tiempo cubre la aprobaci\u00f3n del dise\u00f1o y una posible reimpresi\u00f3n.<\/p>\n<\/div>\n<\/div>\n<div itemscope itemprop=\"mainEntity\" itemtype=\"https:\/\/schema.org\/Question\">\n<h3 itemprop=\"name\">\u00bfQu\u00e9 pasa si pierdo el plazo de pedido de mobiliario del organizador?<\/h3>\n<div itemscope itemprop=\"acceptedAnswer\" itemtype=\"https:\/\/schema.org\/Answer\">\n<p itemprop=\"text\">Los pedidos tard\u00edos suelen llevar recargo de urgencia o quedar limitados a lo que quede en el mostrador del propio recinto, por lo que las piezas m\u00e1s solicitadas, como mostradores y taburetes, suelen agotarse antes.<\/p>\n<\/div>\n<\/div>\n<\/section>\n<div class=\"author-bio\" style=\"background:#f8f9fa;border-left:4px solid #c9a227;padding:20px 25px;margin:35px 0;border-radius:6px;\">\n<h3 style=\"margin-top:0;\">Sobre el autor: Adam Dragos<\/h3>\n<p><strong>Adam Dragos<\/strong> es Especialista en \u00c9xito de Expositores en Adam Expo Stand, con m\u00e1s de 20 a\u00f1os en el sector ferial, ayudando a expositores a dise\u00f1ar, construir y gestionar stands de alto rendimiento en las principales ferias de Europa, incluidas IFEMA Madrid, Fira de Barcelona, Messe Frankfurt y ExCeL London. Asesora a responsables de marketing y eventos sobre estrategia de stand, captaci\u00f3n de visitantes y retorno de la inversi\u00f3n ferial.<\/p>\n<p><a href=\"https:\/\/adamexpostand.com\/author\/adam-dragos\/\" rel=\"author\">Lea m\u00e1s art\u00edculos de Adam Dragos<\/a> &#8211; <a href=\"https:\/\/www.linkedin.com\/in\/adam-dragos\/\" rel=\"me nofollow noopener\" target=\"_blank\">Conecte en LinkedIn<\/a><\/p>\n<\/div>\n<div style=\"background:#f8f9fa;border:1px solid #dee2e6;padding:20px 25px;border-radius:6px;margin:35px 0;\">\n<h3 style=\"margin-top:0;color:#333;\">Lecturas recomendadas<\/h3>\n<ul style=\"margin:0;padding-left:20px;\">\n<li><a href=\"https:\/\/adamexpostand.com\/es\/custom-exhibition-stand-shell-scheme-stands-poster-panels-in-spain-adam-expostand\/\">Stand a Medida vs M\u00f3dulo Est\u00e1ndar: \u00bfCu\u00e1l Elegir para su Feria Europea?<\/a><\/li>\n<li><a href=\"https:\/\/adamexpostand.com\/es\/coste-stand-exposicion-europa-2026-guia-presupuesto\/\">Cu\u00e1nto Cuesta un Stand de Feria en Europa: Gu\u00eda de Precios 2026<\/a><\/li>\n<li><a href=\"https:\/\/adamexpostand.com\/es\/contact-us\/\">Solicite una consultor\u00eda gratuita de stand<\/a><\/li>\n<\/ul>\n<\/div>\n<div class=\"entity-block\" style=\"border-top:2px solid #1a5fb4;padding-top:16px;margin:30px 0;font-size:14px;color:#555;\">\n<p><strong>Adam Expo Stand<\/strong>: dise\u00f1o y construcci\u00f3n de stands feriales para ferias europeas. Con base en Madrid, damos servicio a IFEMA, Fira de Barcelona, Messe Frankfurt y m\u00e1s de 50 ferias en toda Europa.<\/p>\n<\/div>\n<div class=\"cta-block\" style=\"background:#1a5fb4;color:#fff;padding:24px;border-radius:8px;margin:30px 0;text-align:center;\">\n<h3 style=\"margin-top:0;color:#fff;\">\u00bfVa a amueblar un stand de m\u00f3dulo est\u00e1ndar para su pr\u00f3xima feria?<\/h3>\n<p>Reciba un presupuesto desglosado y un concepto en 3D de un equipo de montaje propio en Madrid.<\/p>\n<p><a href=\"https:\/\/adamexpostand.com\/es\/contact-us\/\" style=\"display:inline-block;background:#fff;color:#1a5fb4;padding:12px 24px;border-radius:6px;font-weight:bold;text-decoration:none;\">Solicite una consultor\u00eda gratuita<\/a>\n<\/div>\n<script type=\"application\/ld+json\">{\"@context\":\"https:\/\/schema.org\",\"@graph\":[{\"@type\":\"WebPage\",\"@id\":\"https:\/\/adamexpostand.com\/es\/trade-show-booth-design-spain-6-current-keys-to-success-2\/#webpage\",\"url\":\"https:\/\/adamexpostand.com\/es\/trade-show-booth-design-spain-6-current-keys-to-success-2\/\",\"name\":\"Mobiliario y Paneles para M\u00f3dulo Est\u00e1ndar | Adam Expo Stand\",\"speakable\":{\"@type\":\"SpeakableSpecification\",\"cssSelector\":[\".quick-summary\",\".aeo-answer\"]}},{\"@type\":\"BlogPosting\",\"@id\":\"https:\/\/adamexpostand.com\/es\/trade-show-booth-design-spain-6-current-keys-to-success-2\/#article\",\"headline\":\"Mobiliario y Paneles Poster para Stands de M\u00f3dulo Est\u00e1ndar: Gu\u00eda de Pedido para Ferias Europeas\",\"datePublished\":\"2017-09-14\",\"dateModified\":\"2026-09-04\",\"mainEntityOfPage\":\"https:\/\/adamexpostand.com\/es\/trade-show-booth-design-spain-6-current-keys-to-success-2\/\",\"image\":{\"@id\":\"https:\/\/adamexpostand.com\/es\/trade-show-booth-design-spain-6-current-keys-to-success-2\/#infographic\"},\"author\":{\"@type\":\"Person\",\"name\":\"Adam Dragos\",\"jobTitle\":\"Exhibitor Success Specialist\",\"url\":\"https:\/\/adamexpostand.com\/author\/adam-dragos\/\",\"worksFor\":{\"@type\":\"Organization\",\"name\":\"Adam Expo Stand\"},\"sameAs\":[\"https:\/\/www.linkedin.com\/in\/adam-dragos\/\"]},\"publisher\":{\"@type\":\"Organization\",\"name\":\"Adam Expo Stand\",\"logo\":{\"@type\":\"ImageObject\",\"url\":\"https:\/\/adamexpostand.com\/logo.png\"}}},{\"@type\":\"ImageObject\",\"@id\":\"https:\/\/adamexpostand.com\/es\/trade-show-booth-design-spain-6-current-keys-to-success-2\/#infographic\",\"url\":\"https:\/\/adamexpostand.com\/wp-content\/uploads\/2026\/09\/mobiliario-paneles-poster-stand-modulo-estandar-infografia.jpg\",\"contentUrl\":\"https:\/\/adamexpostand.com\/wp-content\/uploads\/2026\/09\/mobiliario-paneles-poster-stand-modulo-estandar-infografia.jpg\",\"width\":410,\"height\":319,\"caption\":\"Datos reales de mobiliario, paneles poster y costes para stands de m\u00f3dulo est\u00e1ndar en ferias europeas (Adam Expo Stand).\"},{\"@type\":\"FAQPage\",\"mainEntity\":[{\"@type\":\"Question\",\"name\":\"\u00bfEl mobiliario viene incluido en un stand de m\u00f3dulo est\u00e1ndar?\",\"acceptedAnswer\":{\"@type\":\"Answer\",\"text\":\"No. Un paquete de m\u00f3dulo est\u00e1ndar cubre solo los paneles de pared, el r\u00f3tulo de fachada y la moqueta; el mobiliario, la iluminaci\u00f3n y los gr\u00e1ficos impresos se piden y se pagan aparte.\"}},{\"@type\":\"Question\",\"name\":\"\u00bfCu\u00e1nto cuesta alquilar mobiliario para un m\u00f3dulo est\u00e1ndar?\",\"acceptedAnswer\":{\"@type\":\"Answer\",\"text\":\"El contratista brit\u00e1nico Full Circle Events sit\u00faa el mobiliario y los gr\u00e1ficos combinados para un stand de 3x3m en torno a 1.500-3.500 libras (unos 1.750-4.100 EUR), seg\u00fan cu\u00e1ntos paneles imprima y cu\u00e1nto alquile frente a lo que traiga.\"}},{\"@type\":\"Question\",\"name\":\"\u00bfQu\u00e9 medidas tienen los paneles poster de m\u00f3dulo est\u00e1ndar?\",\"acceptedAnswer\":{\"@type\":\"Answer\",\"text\":\"Unos 950mm de ancho por 2.400mm de alto en PVC enrollable, o unos 1.000mm por 2.400mm en cart\u00f3n corrugado r\u00edgido, ajustados a los m\u00f3dulos de pared est\u00e1ndar del sistema.\"}},{\"@type\":\"Question\",\"name\":\"\u00bfPuedo traer mi propio mobiliario a un stand de m\u00f3dulo est\u00e1ndar?\",\"acceptedAnswer\":{\"@type\":\"Answer\",\"text\":\"S\u00ed, para una \u00fanica feria cercana, pero los costes de transporte y de aduanas suelen hacer que alquilar o comprar piezas modulares salga m\u00e1s barato en cuanto se trata de m\u00e1s de una feria o de una distancia mayor.\"}},{\"@type\":\"Question\",\"name\":\"\u00bfCon cu\u00e1nta antelaci\u00f3n debo pedir los gr\u00e1ficos del m\u00f3dulo est\u00e1ndar?\",\"acceptedAnswer\":{\"@type\":\"Answer\",\"text\":\"Con al menos 3 semanas de antelaci\u00f3n al montaje. La producci\u00f3n est\u00e1ndar de impresi\u00f3n ronda los 5 d\u00edas h\u00e1biles, pero el resto del tiempo cubre la aprobaci\u00f3n del dise\u00f1o y una posible reimpresi\u00f3n.\"}},{\"@type\":\"Question\",\"name\":\"\u00bfQu\u00e9 pasa si pierdo el plazo de pedido de mobiliario del organizador?\",\"acceptedAnswer\":{\"@type\":\"Answer\",\"text\":\"Los pedidos tard\u00edos suelen llevar recargo de urgencia o quedar limitados a lo que quede en el mostrador del propio recinto, por lo que las piezas m\u00e1s solicitadas, como mostradores y taburetes, suelen agotarse antes.\"}}]},{\"@type\":\"BreadcrumbList\",\"itemListElement\":[{\"@type\":\"ListItem\",\"position\":1,\"name\":\"Inicio\",\"item\":\"https:\/\/adamexpostand.com\/es\/\"},{\"@type\":\"ListItem\",\"position\":2,\"name\":\"Mobiliario y Paneles Poster para Stands de M\u00f3dulo Est\u00e1ndar: Gu\u00eda de Pedido para Ferias Europeas\",\"item\":\"https:\/\/adamexpostand.com\/es\/trade-show-booth-design-spain-6-current-keys-to-success-2\/\"}]},{\"@type\":\"ProfessionalService\",\"name\":\"Adam Expo Stand\",\"areaServed\":\"Europe\",\"url\":\"https:\/\/adamexpostand.com\/\"}]}<\/script>\n","protected":false},"excerpt":{"rendered":"<p>Un stand de m\u00f3dulo est\u00e1ndar solo incluye paredes, fachada y moqueta. Descubra qu\u00e9 cuestan realmente el mobiliario y los paneles poster, sus medidas reales y el plazo exacto de pedido antes de su pr\u00f3xima feria europea.<\/p>\n","protected":false},"author":2,"featured_media":7717,"comment_status":"closed","ping_status":"closed","sticky":false,"template":"","format":"standard","meta":{"_kad_blocks_custom_css":"","_kad_blocks_head_custom_js":"","_kad_blocks_body_custom_js":"","_kad_blocks_footer_custom_js":"","_kad_post_transparent":"","_kad_post_title":"","_kad_post_layout":"","_kad_post_sidebar_id":"","_kad_post_content_style":"","_kad_post_vertical_padding":"","_kad_post_feature":"","_kad_post_feature_position":"","_kad_post_header":false,"_kad_post_footer":false,"_kad_post_classname":"","footnotes":""},"categories":[1748],"tags":[],"class_list":["post-4582","post","type-post","status-publish","format-standard","has-post-thumbnail","hentry","category-blog"],"taxonomy_info":{"category":[{"value":1748,"label":"Blog"}]},"featured_image_src_large":["https:\/\/adamexpostand.com\/wp-content\/uploads\/2026\/04\/1775796733315_Team-assembling-trade-show-booth-structure.jpeg",1280,714,false],"author_info":{"display_name":"Adam","author_link":"https:\/\/adamexpostand.com\/es\/author\/admin-2\/"},"comment_info":0,"category_info":[{"term_id":1748,"name":"Blog","slug":"blog","term_group":0,"term_taxonomy_id":1748,"taxonomy":"category","description":"","parent":0,"count":176,"filter":"raw","cat_ID":1748,"category_count":176,"category_description":"","cat_name":"Blog","category_nicename":"blog","category_parent":0}],"tag_info":false,"_links":{"self":[{"href":"https:\/\/adamexpostand.com\/es\/wp-json\/wp\/v2\/posts\/4582","targetHints":{"allow":["GET"]}}],"collection":[{"href":"https:\/\/adamexpostand.com\/es\/wp-json\/wp\/v2\/posts"}],"about":[{"href":"https:\/\/adamexpostand.com\/es\/wp-json\/wp\/v2\/types\/post"}],"author":[{"embeddable":true,"href":"https:\/\/adamexpostand.com\/es\/wp-json\/wp\/v2\/users\/2"}],"replies":[{"embeddable":true,"href":"https:\/\/adamexpostand.com\/es\/wp-json\/wp\/v2\/comments?post=4582"}],"version-history":[{"count":0,"href":"https:\/\/adamexpostand.com\/es\/wp-json\/wp\/v2\/posts\/4582\/revisions"}],"wp:featuredmedia":[{"embeddable":true,"href":"https:\/\/adamexpostand.com\/es\/wp-json\/wp\/v2\/media\/7717"}],"wp:attachment":[{"href":"https:\/\/adamexpostand.com\/es\/wp-json\/wp\/v2\/media?parent=4582"}],"wp:term":[{"taxonomy":"category","embeddable":true,"href":"https:\/\/adamexpostand.com\/es\/wp-json\/wp\/v2\/categories?post=4582"},{"taxonomy":"post_tag","embeddable":true,"href":"https:\/\/adamexpostand.com\/es\/wp-json\/wp\/v2\/tags?post=4582"}],"curies":[{"name":"wp","href":"https:\/\/api.w.org\/{rel}","templated":true}]}}