{"id":10298,"date":"2026-07-01T07:36:02","date_gmt":"2026-07-01T07:36:02","guid":{"rendered":"https:\/\/adamexpostand.com\/constructor-stands-metalmadrid-ifema\/"},"modified":"2026-08-28T07:58:34","modified_gmt":"2026-08-28T07:58:34","slug":"constructor-stands-metalmadrid-ifema","status":"publish","type":"post","link":"https:\/\/adamexpostand.com\/es\/constructor-stands-metalmadrid-ifema\/","title":{"rendered":"Advanced Manufacturing Madrid en IFEMA: Gu\u00eda del Expositor 2026"},"content":{"rendered":"<p class=\"post-byline\" style=\"color:#555;font-size:15px;margin:0 0 6px 0;\">Por <a href=\"https:\/\/adamexpostand.com\/author\/adam-dragos\/\" rel=\"author\"><strong>Adam Dragos<\/strong><\/a>, Especialista en \u00c9xito de Expositores<\/p>\n<p class=\"post-updated\" style=\"color:#777;font-size:14px;margin:0 0 25px 0;\">\u00daltima actualizaci\u00f3n: <time datetime=\"2026-08-28\">28 de agosto de 2026<\/time><\/p>\n<div class=\"quick-summary\" style=\"background:#eef4fb;border-left:4px solid #1a5fb4;padding:18px 22px;margin:0 0 28px;border-radius:6px;\">\n<h2 style=\"margin-top:0;\">Respuesta r\u00e1pida<\/h2>\n<p><strong>Advanced Manufacturing Madrid, que une MetalMadrid, Composites Madrid y Robom\u00e1tica, vuelve a IFEMA Madrid los d\u00edas 4 y 5 de noviembre de 2026, con m\u00e1s de 650 expositores y 13.000 profesionales.<\/strong> Adam Expo Stand dise\u00f1a y construye stands industriales con zonas de maquinaria: dise\u00f1o 3D gratuito en 24 horas, presupuesto cerrado en 24-48 horas, instalaci\u00f3n homologada por IFEMA.<\/p>\n<\/div>\n<div class=\"post-toc\" style=\"background:#f6f8fa;border:1px solid #e3e3e3;border-radius:6px;padding:16px 22px;margin:0 0 28px;\">\n<strong>En esta p\u00e1gina<\/strong><\/p>\n<ul style=\"margin:8px 0 0;padding-left:20px;\">\n<li><a href=\"#s1\">\u00bfQu\u00e9 es Advanced Manufacturing Madrid (antes MetalMadrid)?<\/a><\/li>\n<li><a href=\"#s2\">\u00bfCu\u00e1l de las seis zonas encaja con lo que fabrica o vende?<\/a><\/li>\n<li><a href=\"#s3\">\u00bfCu\u00e1nto cuesta un stand en Advanced Manufacturing Madrid?<\/a><\/li>\n<li><a href=\"#s4\">Stand a medida, modular o de alquiler: \u00bfcu\u00e1l conviene?<\/a><\/li>\n<li><a href=\"#s5\">\u00bfCu\u00e1l es el calendario y la documentaci\u00f3n para noviembre?<\/a><\/li>\n<li><a href=\"#s6\">\u00bfQu\u00e9 estrategia encaja con su situaci\u00f3n?<\/a><\/li>\n<li><a href=\"#s7\">Preguntas frecuentes<\/a><\/li>\n<\/ul>\n<\/div>\n<div class=\"aeo-answer\" style=\"border:1px solid #d0d7de;border-radius:6px;padding:18px 22px;margin:24px 0;\">\n<h2 style=\"margin-top:0;\">\u00bfQu\u00e9 es exactamente Advanced Manufacturing Madrid?<\/h2>\n<p><strong>Advanced Manufacturing Madrid es la feria de referencia de innovaci\u00f3n industrial en Espa\u00f1a, organizada por Easyfairs, en IFEMA Madrid los d\u00edas 4 y 5 de noviembre de 2026, pabellones 1, 2, 4 y 6.<\/strong> Re\u00fane seis zonas especializadas bajo una sola convocatoria, con m\u00e1s de 650 empresas expositoras y 13.000 visitantes profesionales previstos.<\/p>\n<\/div>\n<p><strong>\u00bfNecesita un constructor de stands para Advanced Manufacturing Madrid?<\/strong> Adam Expo Stand entrega stands industriales llave en mano en IFEMA, pensados para exhibir maquinaria, demostraciones en vivo y conversaciones comerciales serias, as\u00ed que esta gu\u00eda se centra en lo que un expositor necesita planificar: qu\u00e9 es la feria, en qu\u00e9 zona encaja, cu\u00e1nto cuesta realmente un stand y c\u00f3mo funciona el calendario de montaje de IFEMA.<\/p>\n<h2 id=\"s1\">\u00bfQu\u00e9 es Advanced Manufacturing Madrid (antes MetalMadrid)?<\/h2>\n<p><strong>Advanced Manufacturing Madrid es la marca renovada de MetalMadrid: Easyfairs agrupa ahora MetalMadrid, Composites Madrid y Robom\u00e1tica en un \u00fanico evento, con la identidad de cada feria dentro de su zona.<\/strong> La edici\u00f3n de 2026 se celebra el 4 y 5 de noviembre en IFEMA Madrid, pabellones 1, 2, 4 y 6, de 9:30 a 18:00, edad m\u00ednima 16 a\u00f1os.<\/p>\n<p>El organizador prev\u00e9 m\u00e1s de 650 empresas expositoras y m\u00e1s de 13.000 profesionales industriales, directores de producci\u00f3n, responsables de planta, ingenieros, equipos de compras e I+D, con cerca de 52.000 interacciones comerciales estimadas en el recinto (organizador de Advanced Manufacturing Madrid, 2026). El programa incluye cuatro escenarios de conferencias con m\u00e1s de 100 ponentes, demostraciones de maquinaria en vivo, recorridos guiados por expertos y los Advanced Manufacturing Awards, que premian la innovaci\u00f3n de producto y proceso en los sectores participantes. Los expositores tambi\u00e9n pueden reservar patrocinios (bolsas, lanyards, salas de conferencias, zona VIP, barras y botellas de agua) y uno de los tres paquetes de marketing EasyGo (GoLeads, GoPlus, GoPremium) que el organizador vende junto al espacio de stand. Una edici\u00f3n hermana, Advanced Manufacturing Barcelona, est\u00e1 prevista para 2027 en Fira Gran Via, por lo que los expositores que planifiquen presencia en dos ciudades espa\u00f1olas pueden presupuestar ambas ferias en el mismo ciclo.<\/p>\n<p><em>Nuestro veredicto:<\/em> desde nuestra experiencia construyendo en IFEMA, el cambio de marca afecta sobre todo al texto comercial. Quienes llevan a\u00f1os buscando &#8220;MetalMadrid&#8221; siguen usando ese t\u00e9rmino, as\u00ed que mantenemos ambos nombres activos en la gr\u00e1fica del stand y en los formularios de captaci\u00f3n en lugar de abandonar de golpe el nombre anterior.<\/p>\n<h2 id=\"s2\">\u00bfCu\u00e1l de las seis zonas encaja con lo que fabrica o vende?<\/h2>\n<p>Advanced Manufacturing Madrid se organiza en seis zonas para que el visitante llegue directo a su categor\u00eda de proveedor: conocer su zona antes de reservar espacio condiciona el briefing del stand, la posici\u00f3n solicitada en el pabell\u00f3n e incluso las necesidades el\u00e9ctricas y de aire comprimido.<\/p>\n<ul>\n<li><strong>Metal y M\u00e1quina-Herramienta<\/strong>: equipos y componentes para soldadura, arranque de viruta y conformado, mecanizado, utillaje, corte y abrasivos, moldes y matrices. Es la l\u00ednea directa de MetalMadrid y suele exigir la mayor carga de suelo y potencia el\u00e9ctrica de todas las zonas.<\/li>\n<li><strong>Automatizaci\u00f3n y Digitalizaci\u00f3n<\/strong>: rob\u00f3tica y cob\u00f3tica, sistemas de control, PLC, software industrial, electr\u00f3nica, gemelos digitales, inteligencia artificial, almacenamiento inteligente y AGV. Aqu\u00ed se sit\u00faa el p\u00fablico de Robom\u00e1tica; espere demostraciones de brazos rob\u00f3ticos en vivo y una necesidad mayor de conectividad en el stand.<\/li>\n<li><strong>Composites Engineering<\/strong>: composites, fibras, resinas, materias primas, dise\u00f1o y fabricaci\u00f3n avanzada para automoci\u00f3n, aeroespacial, energ\u00eda y construcci\u00f3n. Es la l\u00ednea directa de Composites Madrid.<\/li>\n<li><strong>Tratamiento de Superficies<\/strong>: limpieza y preparaci\u00f3n de superficies, pintura industrial, recubrimientos met\u00e1licos, anodizado, electrodeposici\u00f3n, galvanizado y tratamientos anticorrosi\u00f3n. La ventilaci\u00f3n y la seguridad de materiales importan m\u00e1s aqu\u00ed que en cualquier otra zona.<\/li>\n<li><strong>Fabricaci\u00f3n Aditiva<\/strong>: impresi\u00f3n 3D industrial, dise\u00f1o, prototipado r\u00e1pido, fusi\u00f3n de lecho de polvo, material jetting y modelado por deposici\u00f3n fundida. Las demostraciones de impresoras suelen requerir suelo reforzado y extracci\u00f3n de polvo o humos.<\/li>\n<li><strong>Control de Calidad y Ensayos<\/strong>: metrolog\u00eda, ensayos, mantenimiento predictivo y preventivo, an\u00e1lisis, inspecci\u00f3n, control de calidad, certificaci\u00f3n y software industrial. Esta zona atrae a directores de laboratorio y responsables de calidad que esperan ver instrumentos de precisi\u00f3n bajo iluminaci\u00f3n controlada.<\/li>\n<\/ul>\n<p>Los pabellones 1, 2, 4 y 6 se comparten entre zonas en lugar de asignar un pabell\u00f3n por zona, as\u00ed que confirme su pabell\u00f3n y n\u00famero de stand exactos en el plano del organizador antes de definir la orientaci\u00f3n y la se\u00f1alizaci\u00f3n de su stand.<\/p>\n<h2 id=\"s3\">\u00bfCu\u00e1nto cuesta un stand en Advanced Manufacturing Madrid?<\/h2>\n<p><strong>Calcule entre 8.000 y 20.000 EUR para un stand modular de 18 a 36 metros cuadrados, y entre 20.000 y 80.000 EUR para uno a medida de 36 a 100 metros cuadrados con zonas de maquinaria<\/strong> (datos de Adam Expo Stand, m\u00e1s de 639 proyectos en ferias europeas). Dise\u00f1o, producci\u00f3n, transporte, instalaci\u00f3n y desmontaje van incluidos en el presupuesto cerrado.<\/p>\n<p>IFEMA factura por separado el alquiler del espacio, la potencia el\u00e9ctrica, el rigging y los servicios del recinto. A escala europea, los stands a medida suelen costar entre \u20ac250 y \u20ac800\/m\u00b2, y los sistemas modulares o h\u00edbridos parten de unos \u20ac120\/m\u00b2 (UFI Global Exhibition Industry Statistics, 2025), por lo que un stand industrial con zonas de maquinaria se sit\u00faa en la parte alta de ese rango una vez sumados el refuerzo de suelo y las mejoras de potencia. Los expositores industriales suelen infravalorar tres partidas: el suelo reforzado o las placas repartidoras de carga para maquinaria pesada, las conexiones trif\u00e1sicas pedidas tarde y la log\u00edstica de entrada de maquinaria. Nuestra <a href=\"https:\/\/adamexpostand.com\/exhibition-stand-cost-guide\/\">gu\u00eda de costes de stands de exposici\u00f3n<\/a> desglosa cada partida.<\/p>\n<p>La siguiente tabla compara las opciones de construcci\u00f3n de Adam Expo Stand con el paquete llave en mano del propio organizador, cuyas especificaciones est\u00e1n publicadas directamente en la web de expositores de Advanced Manufacturing Madrid (Easyfairs, 2026).<\/p>\n<table style=\"width:100%;border-collapse:collapse;margin:24px 0;\">\n<thead>\n<tr style=\"background:#1a5fb4;color:#fff;\">\n<th style=\"padding:10px;text-align:left;\">Opci\u00f3n<\/th>\n<th style=\"padding:10px;text-align:left;\">Recomendada para<\/th>\n<th style=\"padding:10px;text-align:left;\">Coste habitual<\/th>\n<th style=\"padding:10px;text-align:left;\">Contrapartida<\/th>\n<\/tr>\n<\/thead>\n<tbody>\n<tr>\n<td style=\"padding:10px;border-bottom:1px solid #ddd;\"><strong>Paquete llave en mano del organizador (9-60 m\u00b2)<\/strong><\/td>\n<td style=\"padding:10px;border-bottom:1px solid #ddd;\">Expositores primerizos que quieren espacio y estructura b\u00e1sica con rapidez<\/td>\n<td style=\"padding:10px;border-bottom:1px solid #ddd;\">A consultar directamente con Easyfairs; incluye estructura en melamina, moqueta ign\u00edfuga, cuadro el\u00e9ctrico de 3kW, dos focos y r\u00f3tulo en lona impresa<\/td>\n<td style=\"padding:10px;border-bottom:1px solid #ddd;\">Dise\u00f1o gris y blanco compartido con los stands vecinos, con poco margen de personalizaci\u00f3n para una presencia con maquinaria<\/td>\n<\/tr>\n<tr>\n<td style=\"padding:10px;border-bottom:1px solid #ddd;\"><strong>Stand modular (18-36 m\u00b2)<\/strong><\/td>\n<td style=\"padding:10px;border-bottom:1px solid #ddd;\">Empresas que exponen 2 o m\u00e1s veces al a\u00f1o<\/td>\n<td style=\"padding:10px;border-bottom:1px solid #ddd;\">8.000-20.000 EUR (datos de Adam Expo Stand, m\u00e1s de 639 proyectos)<\/td>\n<td style=\"padding:10px;border-bottom:1px solid #ddd;\">Se reconfigura entre ferias y se almacena entre eventos, a cambio de algo menos de libertad de dise\u00f1o<\/td>\n<\/tr>\n<tr>\n<td style=\"padding:10px;border-bottom:1px solid #ddd;\"><strong>Stand a medida (36-100 m\u00b2)<\/strong><\/td>\n<td style=\"padding:10px;border-bottom:1px solid #ddd;\">Presencia insignia con zonas de maquinaria y espacios de demostraci\u00f3n<\/td>\n<td style=\"padding:10px;border-bottom:1px solid #ddd;\">20.000-80.000 EUR (datos de Adam Expo Stand)<\/td>\n<td style=\"padding:10px;border-bottom:1px solid #ddd;\">M\u00e1ximo impacto visual y control total de marca, con plazos de dise\u00f1o y producci\u00f3n m\u00e1s largos<\/td>\n<\/tr>\n<tr>\n<td style=\"padding:10px;border-bottom:1px solid #ddd;\"><strong>Alquiler<\/strong><\/td>\n<td style=\"padding:10px;border-bottom:1px solid #ddd;\">Expositores primerizos que evitan el desembolso de capital<\/td>\n<td style=\"padding:10px;border-bottom:1px solid #ddd;\">Similar al coste modular, sin propiedad del stand<\/td>\n<td style=\"padding:10px;border-bottom:1px solid #ddd;\">Menor permanencia de marca entre ferias<\/td>\n<\/tr>\n<\/tbody>\n<\/table>\n<div class=\"key-takeaway\" style=\"background:#fff8e6;border-left:4px solid #e5a50a;padding:14px 20px;margin:24px 0;border-radius:6px;\">\n<p style=\"margin:0;\"><strong>Punto clave:<\/strong> el paquete llave en mano del organizador es la forma m\u00e1s r\u00e1pida de estar en el pabell\u00f3n, pero una demostraci\u00f3n de maquinaria en vivo casi siempre requiere un constructor que planifique desde el primer boceto el suelo reforzado, la potencia adicional y el per\u00edmetro de seguridad.<\/p>\n<\/div>\n<h2 id=\"s4\">Stand a medida, modular o de alquiler: \u00bfcu\u00e1l conviene?<\/h2>\n<p><strong>La mayor\u00eda de expositores industriales eligen entre tres v\u00edas: modular para expositores recurrentes, a medida para una presencia insignia, y alquiler para una primera feria sin desembolso de capital.<\/strong> La elecci\u00f3n adecuada depende menos del presupuesto en s\u00ed que de cu\u00e1ntas ferias hace al a\u00f1o y si necesita un activo de marca permanente.<\/p>\n<ul>\n<li><strong>Modular<\/strong>: mejor coste total de propiedad para empresas que exponen 2 o m\u00e1s veces al a\u00f1o; la estructura se reconfigura entre ferias y se almacena entre eventos, reduciendo el coste de estructura por feria en torno a un 25-40% seg\u00fan una muestra de m\u00e1s de 50 proyectos (datos de Adam Expo Stand).<\/li>\n<li><strong>A medida<\/strong>: libertad de dise\u00f1o total para una presencia insignia, con \u00e1reas de reuni\u00f3n de doble altura donde IFEMA lo autoriza, cerramientos de maquinaria personalizados y espacios de demostraci\u00f3n integrados. Vea nuestro enfoque en <a href=\"https:\/\/adamexpostand.com\/exhibition-stands-design\/\">dise\u00f1o de stands de exposici\u00f3n<\/a>.<\/li>\n<li><strong>Alquiler<\/strong>: presencia profesional para expositores primerizos sin desembolso de capital.<\/li>\n<\/ul>\n<p>Compare la econom\u00eda de la reutilizaci\u00f3n en nuestra p\u00e1gina de <a href=\"https:\/\/adamexpostand.com\/modular-stands\/\">stands modulares<\/a>.<\/p>\n<h2 id=\"s5\">\u00bfCu\u00e1l es el calendario y la documentaci\u00f3n para noviembre?<\/h2>\n<p><strong>Trabajando hacia atr\u00e1s desde el 4 y 5 de noviembre: briefing y dise\u00f1o 3D en julio-agosto, ingenier\u00eda y producci\u00f3n entre septiembre y octubre, y pedidos de potencia para maquinaria cerrados a mediados de octubre.<\/strong> El montaje se realiza en los d\u00edas previos a la apertura, y el desmontaje comienza la misma tarde del cierre.<\/p>\n<p>Las estructuras por encima de la altura est\u00e1ndar y cualquier elemento suspendido necesitan el visto bueno t\u00e9cnico de IFEMA, y la maquinaria pesada requiere franjas de entrada coordinadas, unas 3 semanas antes de la apertura para que la documentaci\u00f3n de potencia y rigging quede resuelta. Su director de proyecto se encarga de toda la tramitaci\u00f3n. Contexto del recinto: nuestra <a href=\"https:\/\/adamexpostand.com\/ifema-madrid-exhibitor-guide-2026\/\">gu\u00eda y calendario de expositores de IFEMA Madrid 2026<\/a>.<\/p>\n<div class=\"expert-tips\" style=\"background:#fff8e6;border-left:4px solid #c9a227;padding:18px 22px;margin:26px 0;border-radius:6px;\">\n<h3 style=\"margin-top:0;\">Consejos de m\u00e1s de 20 a\u00f1os sobre el terreno<\/h3>\n<ul style=\"margin:0;padding-left:20px;\">\n<li>Si va a mostrar una c\u00e9lula de trabajo en vivo, elija una orientaci\u00f3n con criterio ac\u00fastico, orientada hacia el pasillo, y programe las demostraciones en punto y media con una cuenta atr\u00e1s visible; los ingenieros planifican su recorrido por el pabell\u00f3n seg\u00fan horarios fijos de demostraci\u00f3n.<\/li>\n<li>Pida la potencia trif\u00e1sica y el aire comprimido como partidas en el mismo formulario que la reserva del stand, no como un a\u00f1adido de \u00faltima hora; el recargo de IFEMA por pedidos tard\u00edos es una de las sorpresas presupuestarias m\u00e1s habituales que vemos.<\/li>\n<li>En la zona de Control de Calidad y Ensayos, lleve datos de inspecci\u00f3n en pantalla en lugar de una ficha t\u00e9cnica est\u00e1tica; los visitantes de esta zona son los m\u00e1s propensos de todas a pedir una medici\u00f3n en vivo.<\/li>\n<li>Si su stand est\u00e1 en Automatizaci\u00f3n y Digitalizaci\u00f3n, confirme sus necesidades de Wi-Fi y red cableada con IFEMA con al menos un mes de antelaci\u00f3n; las demostraciones de rob\u00f3tica e IA son lo primero que falla con una conexi\u00f3n poco fiable.<\/li>\n<\/ul>\n<\/div>\n<h3>Exponemos en varias ferias industriales al a\u00f1o: \u00bfmodular o a medida?<\/h3>\n<p>Lo modular suele ganar en coste total de propiedad: la misma estructura de aluminio se reconfigura entre Advanced Manufacturing Madrid, ferias de m\u00e1quina-herramienta y cert\u00e1menes regionales, reduciendo el coste de estructura por feria entre un 25 y un 40% (datos de Adam Expo Stand en m\u00e1s de 50 proyectos modulares). Lo a medida compensa cuando el stand es el momento comercial m\u00e1s importante del a\u00f1o.<\/p>\n<h3>\u00bfSe ocupan de la documentaci\u00f3n t\u00e9cnica de IFEMA y la entrada de maquinaria?<\/h3>\n<p>S\u00ed. Los planos estructurales, los esquemas el\u00e9ctricos, el seguro, las reservas de rigging y las franjas de entrada de maquinaria los gestiona su director de proyecto de Adam Expo Stand.<\/p>\n<h3>\u00bfQu\u00e9 hay del registro de visitantes y las acreditaciones?<\/h3>\n<p>El acceso est\u00e1 restringido a profesionales mayores de 16 a\u00f1os, con los pabellones abiertos de 9:30 a 18:00 los d\u00edas 4 y 5 de noviembre. Los expositores suelen recibir un lote de invitaciones de visitante gratuitas a trav\u00e9s del portal del organizador una vez confirmado el stand; env\u00edelas cuanto antes a su cartera de clientes y prospectos, ya que los visitantes preinscritos suelen planificar su recorrido por el pabell\u00f3n en torno a stands concretos en lugar de recorrerlo sin rumbo.<\/p>\n<h2 id=\"s6\">\u00bfQu\u00e9 estrategia encaja con su situaci\u00f3n?<\/h2>\n<h3>Expositor primerizo en Advanced Manufacturing Madrid<\/h3>\n<p><strong>Empiece con un stand de 9 a 18 metros cuadrados y ap\u00f3yese en la estructura llave en mano del organizador en lugar de un stand a medida completo.<\/strong> Una primera feria sirve para cualificar contactos y tomar el pulso al sector; un stand sencillo y bien iluminado con un \u00fanico punto de demostraci\u00f3n convierte mejor que un dise\u00f1o demasiado ambicioso.<\/p>\n<h3>Presupuesto reducido<\/h3>\n<p><strong>Un stand modular de 9 metros cuadrados con una demostraci\u00f3n en funcionamiento, gr\u00e1fica impresa y una tableta para captar contactos cubre lo esencial sin el sobrecoste de una zona de maquinaria.<\/strong> Destine el presupuesto ahorrado a la formaci\u00f3n del personal y a una campa\u00f1a de reserva de reuniones antes de la feria, en lugar de a m\u00e1s metros cuadrados.<\/p>\n<h3>Demostraci\u00f3n de maquinaria o c\u00e9lula en vivo<\/h3>\n<p><strong>Incluya el suelo reforzado, la potencia trif\u00e1sica y el per\u00edmetro de seguridad en el dise\u00f1o desde el primer boceto en 3D, no como un a\u00f1adido tard\u00edo.<\/strong> Es la diferencia de coste y tr\u00e1mites m\u00e1s grande entre un stand est\u00e1ndar y uno industrial, y donde m\u00e1s tiempo lleva el visto bueno t\u00e9cnico de IFEMA.<\/p>\n<h3>Fabricante o proveedor de componentes internacional<\/h3>\n<p><strong>Priorice una sala de reuniones frente a m\u00e1s superficie de exposici\u00f3n, ya que las cerca de 52.000 interacciones previstas en Advanced Manufacturing Madrid favorecen las conversaciones de compra programadas frente al paso casual.<\/strong> Una sala cerrada o una zona elevada de doble altura, donde IFEMA lo autorice, transmite seriedad a los equipos de compra que eval\u00faan varios proveedores en una sola visita.<\/p>\n<div class=\"key-takeaway\" style=\"background:#fff8e6;border-left:4px solid #e5a50a;padding:14px 20px;margin:24px 0;border-radius:6px;\">\n<p style=\"margin:0;\"><strong>Punto clave:<\/strong> la estrategia de stand adecuada en Advanced Manufacturing Madrid depende m\u00e1s de si va a mostrar maquinaria en vivo que del presupuesto total; un stand peque\u00f1o con una demostraci\u00f3n en funcionamiento suele rendir m\u00e1s que uno grande sin ninguna.<\/p>\n<\/div>\n<div class=\"aes-quiz\" style=\"background:#fafafa;border:1px solid #e3e3e3;border-radius:8px;padding:22px;margin:28px 0;\">\n<h3 style=\"margin-top:0;\">Comprobaci\u00f3n r\u00e1pida: preparaci\u00f3n para Advanced Manufacturing Madrid<\/h3>\n<p id=\"aes-q-es\" style=\"font-weight:bold;\">\u00bfPara cu\u00e1ndo deben quedar cerrados los pedidos de potencia y rigging para maquinaria, de cara a la feria del 4 y 5 de noviembre?<\/p>\n<p><button onclick=\"document.getElementById('aes-a-es').innerHTML='A mediados de octubre: deja unas 3 semanas para que IFEMA tramite las autorizaciones de rigging y potencia antes de la apertura.';\" style=\"margin:4px;padding:8px 14px;border:1px solid #1a5fb4;background:#fff;border-radius:5px;cursor:pointer;\">La semana antes de la apertura<\/button><br \/>\n<button onclick=\"document.getElementById('aes-a-es').innerHTML='No exactamente. Finales de septiembre es pronto, pero el plazo real que cumplen los expositores es a mediados de octubre.';\" style=\"margin:4px;padding:8px 14px;border:1px solid #1a5fb4;background:#fff;border-radius:5px;cursor:pointer;\">Finales de septiembre<\/button><br \/>\n<button onclick=\"document.getElementById('aes-a-es').innerHTML='Correcto. A mediados de octubre, unas 3 semanas antes, deben quedar cerrados los pedidos de potencia y la log\u00edstica de maquinaria.';\" style=\"margin:4px;padding:8px 14px;border:1px solid #1a5fb4;background:#fff;border-radius:5px;cursor:pointer;\">Mediados de octubre<\/button><\/p>\n<p id=\"aes-a-es\" style=\"margin-top:12px;color:#1a5fb4;font-weight:bold;\">\n<\/div>\n<div style=\"position:relative;padding-bottom:56.25%;height:0;overflow:hidden;margin:26px 0;\">\n<iframe src=\"https:\/\/www.youtube.com\/embed\/BtSiYrk4gJk\" title=\"V\u00eddeo oficial de Advanced Manufacturing Madrid\" loading=\"lazy\" frameborder=\"0\" allowfullscreen style=\"position:absolute;top:0;left:0;width:100%;height:100%;\"><\/iframe>\n<\/div>\n<section class=\"faq\" itemscope itemtype=\"https:\/\/schema.org\/FAQPage\" id=\"s7\">\n<h2>Preguntas frecuentes<\/h2>\n<div itemscope itemprop=\"mainEntity\" itemtype=\"https:\/\/schema.org\/Question\">\n<h3 itemprop=\"name\">\u00bfD\u00f3nde se celebra Advanced Manufacturing Madrid?<\/h3>\n<div itemscope itemprop=\"acceptedAnswer\" itemtype=\"https:\/\/schema.org\/Answer\">\n<p itemprop=\"text\">En IFEMA Madrid, en los pabellones 1, 2, 4 y 6, los d\u00edas 4 y 5 de noviembre de 2026.<\/p>\n<\/div>\n<\/div>\n<div itemscope itemprop=\"mainEntity\" itemtype=\"https:\/\/schema.org\/Question\">\n<h3 itemprop=\"name\">\u00bfCu\u00e1nto cuesta un stand en Advanced Manufacturing Madrid?<\/h3>\n<div itemscope itemprop=\"acceptedAnswer\" itemtype=\"https:\/\/schema.org\/Answer\">\n<p itemprop=\"text\">Seg\u00fan datos de Adam Expo Stand basados en m\u00e1s de 639 proyectos de stands en ferias europeas, los expositores industriales suelen invertir entre 8.000 y 20.000 EUR en stands modulares de 18 a 36 metros cuadrados, y entre 20.000 y 80.000 EUR en stands a medida de 36 a 100 metros cuadrados con zonas de maquinaria. El alquiler de espacio, la potencia y el rigging los factura el recinto por separado.<\/p>\n<\/div>\n<\/div>\n<div itemscope itemprop=\"mainEntity\" itemtype=\"https:\/\/schema.org\/Question\">\n<h3 itemprop=\"name\">\u00bfPueden construir un stand que muestre maquinaria en funcionamiento?<\/h3>\n<div itemscope itemprop=\"acceptedAnswer\" itemtype=\"https:\/\/schema.org\/Answer\">\n<p itemprop=\"text\">S\u00ed. Planificamos la carga de suelo, las plataformas reforzadas, la potencia trif\u00e1sica, el aire comprimido y los per\u00edmetros de seguridad desde el primer boceto en 3D, y coordinamos con IFEMA las autorizaciones t\u00e9cnicas correspondientes.<\/p>\n<\/div>\n<\/div>\n<div itemscope itemprop=\"mainEntity\" itemtype=\"https:\/\/schema.org\/Question\">\n<h3 itemprop=\"name\">\u00bfCu\u00e1ndo hay que reservar para la edici\u00f3n de noviembre de 2026?<\/h3>\n<div itemscope itemprop=\"acceptedAnswer\" itemtype=\"https:\/\/schema.org\/Answer\">\n<p itemprop=\"text\">Contacte con nosotros con 3 o 4 meses de antelaci\u00f3n, en julio o agosto, para que la log\u00edstica de maquinaria, los pedidos de potencia y las autorizaciones estructurales queden cerrados antes de los plazos de IFEMA. Los proyectos tard\u00edos son posibles, pero limitan el dise\u00f1o y encarecen los servicios del recinto.<\/p>\n<\/div>\n<\/div>\n<div itemscope itemprop=\"mainEntity\" itemtype=\"https:\/\/schema.org\/Question\">\n<h3 itemprop=\"name\">\u00bfQu\u00e9 incluye el paquete llave en mano del organizador?<\/h3>\n<div itemscope itemprop=\"acceptedAnswer\" itemtype=\"https:\/\/schema.org\/Answer\">\n<p itemprop=\"text\">Los paquetes llave en mano de Easyfairs van de 9 a 60 metros cuadrados e incluyen el alquiler del espacio, una estructura en melamina gris, moqueta ign\u00edfuga, un cuadro el\u00e9ctrico de 3kW con enchufe, dos focos y un r\u00f3tulo en lona impresa. El precio se confirma directamente con el organizador bajo consulta.<\/p>\n<\/div>\n<\/div>\n<div itemscope itemprop=\"mainEntity\" itemtype=\"https:\/\/schema.org\/Question\">\n<h3 itemprop=\"name\">\u00bfMetalMadrid sigue siendo una feria independiente?<\/h3>\n<div itemscope itemprop=\"acceptedAnswer\" itemtype=\"https:\/\/schema.org\/Answer\">\n<p itemprop=\"text\">No. MetalMadrid, Composites Madrid y Robom\u00e1tica funcionan ahora juntas como Advanced Manufacturing Madrid, organizada por Easyfairs, aunque cada una conserva su propia zona y p\u00fablico dentro del evento conjunto.<\/p>\n<\/div>\n<\/div>\n<div itemscope itemprop=\"mainEntity\" itemtype=\"https:\/\/schema.org\/Question\">\n<h3 itemprop=\"name\">\u00bfC\u00f3mo consigo que los ingenieros se paren en mi stand?<\/h3>\n<div itemscope itemprop=\"acceptedAnswer\" itemtype=\"https:\/\/schema.org\/Answer\">\n<p itemprop=\"text\">Programe una demostraci\u00f3n en vivo en lugar de un montaje pasivo. Los visitantes de Advanced Manufacturing Madrid recorren un itinerario definido entre zonas, as\u00ed que una m\u00e1quina en funcionamiento con horario fijo cada media hora y se\u00f1alizaci\u00f3n visible atrae m\u00e1s paradas cualificadas que la gr\u00e1fica est\u00e1tica.<\/p>\n<\/div>\n<\/div>\n<\/section>\n<h2>\u00bfListo para planificar su stand?<\/h2>\n<p><strong>Cu\u00e9ntenos su espacio, zona, objetivos y presupuesto, y reciba un dise\u00f1o 3D gratuito en 24 horas, con presupuesto cerrado en 24-48 horas.<\/strong> <a href=\"https:\/\/adamexpostand.com\/contact-us\/\">Contacte con Adam Expo Stand<\/a> para tener un \u00fanico equipo que se encarga del dise\u00f1o, la producci\u00f3n, la documentaci\u00f3n de IFEMA, el montaje y el desmontaje, sin traspasos entre proveedores a mitad de proyecto.<\/p>\n<div style=\"background:#f8f9fa;border:1px solid #dee2e6;padding:20px 25px;border-radius:6px;margin:35px 0;\">\n<h3 style=\"margin-top:0;color:#333;\">Lecturas recomendadas<\/h3>\n<ul style=\"margin:0;padding-left:20px;\">\n<li><a href=\"https:\/\/adamexpostand.com\/ifema-madrid-exhibitor-guide-2026\/\">Calendario y gu\u00eda del expositor de IFEMA Madrid 2026<\/a><\/li>\n<li><a href=\"https:\/\/adamexpostand.com\/exhibition-stand-cost-guide\/\">\u00bfCu\u00e1nto cuesta un stand de exposici\u00f3n? La gu\u00eda completa de presupuesto<\/a><\/li>\n<li><a href=\"https:\/\/adamexpostand.com\/modular-stands\/\">Stands modulares: la econom\u00eda de la reutilizaci\u00f3n explicada<\/a><\/li>\n<li><a href=\"https:\/\/adamexpostand.com\/contact-us\/\">Solicite una consultor\u00eda gratuita de stand<\/a><\/li>\n<\/ul>\n<\/div>\n<div class=\"author-bio\" style=\"background:#f8f9fa;border-left:4px solid #c9a227;padding:20px 25px;margin:35px 0;border-radius:6px;\">\n<h3 style=\"margin-top:0;\">Sobre el autor: Adam Dragos<\/h3>\n<p><strong>Adam Dragos<\/strong> es Especialista en \u00c9xito de Expositores en Adam Expo Stand, con m\u00e1s de 20 a\u00f1os en el sector de las ferias, ayudando a expositores a dise\u00f1ar, construir y gestionar stands de alto rendimiento en las principales ferias de Europa, incluidas IFEMA Madrid, Fira Barcelona, Messe Frankfurt y ExCeL London. Asesora a responsables de marketing y eventos en estrategia de stand, captaci\u00f3n de visitantes y retorno de la inversi\u00f3n.<\/p>\n<p><a href=\"https:\/\/adamexpostand.com\/author\/adam-dragos\/\" rel=\"author\">Lea m\u00e1s art\u00edculos de Adam Dragos<\/a> &#8211; <a href=\"https:\/\/www.linkedin.com\/in\/adam-dragos\/\" rel=\"me nofollow noopener\" target=\"_blank\">Conecte en LinkedIn<\/a><\/p>\n<\/div>\n<div class=\"entity-block\" style=\"border-top:2px solid #1a5fb4;padding-top:16px;margin:30px 0;font-size:14px;color:#555;\">\n<p><strong>Adam Expo Stand<\/strong>: dise\u00f1o y construcci\u00f3n de stands de exposici\u00f3n para ferias europeas. Con sede en Madrid, Espa\u00f1a, trabajando en IFEMA, Fira Barcelona, Messe Frankfurt y m\u00e1s de 50 ferias en toda Europa. Escriba a info@adamexpostand.com o llame al +34 697 715 015, de lunes a viernes, de 9:00 a 17:00.<\/p>\n<\/div>\n<p>Para m\u00e1s contenido, lea <a href=\"https:\/\/adamexpostand.medium.com\/\" target=\"_blank\" rel=\"noopener\">nuestras gu\u00edas en Medium<\/a>, suscr\u00edbase a <a href=\"https:\/\/adamexpostand.substack.com\/\" target=\"_blank\" rel=\"noopener\">nuestro bolet\u00edn en Substack<\/a>, o <a href=\"https:\/\/www.linkedin.com\/company\/adam-expo-stand\/\" target=\"_blank\" rel=\"noopener\">s\u00edganos en LinkedIn<\/a>.<\/p>\n<script type=\"application\/ld+json\">\n{\n  \"@context\": \"https:\/\/schema.org\",\n  \"@graph\": [\n    { \"@type\": \"WebPage\", \"@id\": \"https:\/\/adamexpostand.com\/es\/constructor-stands-metalmadrid-ifema\/#webpage\", \"url\": \"https:\/\/adamexpostand.com\/es\/constructor-stands-metalmadrid-ifema\/\", \"name\": \"Advanced Manufacturing Madrid en IFEMA: Gu\u00eda del Expositor 2026\",\n      \"speakable\": { \"@type\": \"SpeakableSpecification\", \"cssSelector\": [\".quick-summary\", \".aeo-answer\"] } },\n    { \"@type\": \"BlogPosting\", \"@id\": \"https:\/\/adamexpostand.com\/es\/constructor-stands-metalmadrid-ifema\/#article\", \"headline\": \"Advanced Manufacturing Madrid en IFEMA: Gu\u00eda del Expositor 2026\",\n      \"datePublished\": \"2026-08-28\", \"dateModified\": \"2026-08-28\", \"mainEntityOfPage\": \"https:\/\/adamexpostand.com\/es\/constructor-stands-metalmadrid-ifema\/\",\n      \"author\": { \"@type\": \"Person\", \"name\": \"Adam Dragos\", \"jobTitle\": \"Exhibitor Success Specialist\",\n        \"url\": \"https:\/\/adamexpostand.com\/author\/adam-dragos\/\", \"worksFor\": { \"@type\": \"Organization\", \"name\": \"Adam Expo Stand\" },\n        \"sameAs\": [\"https:\/\/www.linkedin.com\/in\/adam-dragos\/\"] },\n      \"publisher\": { \"@type\": \"Organization\", \"name\": \"Adam Expo Stand\", \"@id\": \"https:\/\/adamexpostand.com\/#organization\",\n        \"logo\": { \"@type\": \"ImageObject\", \"url\": \"https:\/\/adamexpostand.com\/logo.png\" } } },\n    { \"@type\": \"FAQPage\", \"mainEntity\": [\n      { \"@type\": \"Question\", \"name\": \"\u00bfD\u00f3nde se celebra Advanced Manufacturing Madrid?\", \"acceptedAnswer\": { \"@type\": \"Answer\", \"text\": \"En IFEMA Madrid, en los pabellones 1, 2, 4 y 6, los d\u00edas 4 y 5 de noviembre de 2026.\" } },\n      { \"@type\": \"Question\", \"name\": \"\u00bfCu\u00e1nto cuesta un stand en Advanced Manufacturing Madrid?\", \"acceptedAnswer\": { \"@type\": \"Answer\", \"text\": \"Seg\u00fan datos de Adam Expo Stand basados en m\u00e1s de 639 proyectos de stands en ferias europeas, los expositores industriales suelen invertir entre 8.000 y 20.000 EUR en stands modulares de 18 a 36 metros cuadrados, y entre 20.000 y 80.000 EUR en stands a medida de 36 a 100 metros cuadrados con zonas de maquinaria. El alquiler de espacio, la potencia y el rigging los factura el recinto por separado.\" } },\n      { \"@type\": \"Question\", \"name\": \"\u00bfPueden construir un stand que muestre maquinaria en funcionamiento?\", \"acceptedAnswer\": { \"@type\": \"Answer\", \"text\": \"S\u00ed. Planificamos la carga de suelo, las plataformas reforzadas, la potencia trif\u00e1sica, el aire comprimido y los per\u00edmetros de seguridad desde el primer boceto en 3D, y coordinamos con IFEMA las autorizaciones t\u00e9cnicas correspondientes.\" } },\n      { \"@type\": \"Question\", \"name\": \"\u00bfCu\u00e1ndo hay que reservar para la edici\u00f3n de noviembre de 2026?\", \"acceptedAnswer\": { \"@type\": \"Answer\", \"text\": \"Contacte con nosotros con 3 o 4 meses de antelaci\u00f3n, en julio o agosto, para que la log\u00edstica de maquinaria, los pedidos de potencia y las autorizaciones estructurales queden cerrados antes de los plazos de IFEMA. Los proyectos tard\u00edos son posibles, pero limitan el dise\u00f1o y encarecen los servicios del recinto.\" } },\n      { \"@type\": \"Question\", \"name\": \"\u00bfQu\u00e9 incluye el paquete llave en mano del organizador?\", \"acceptedAnswer\": { \"@type\": \"Answer\", \"text\": \"Los paquetes llave en mano de Easyfairs van de 9 a 60 metros cuadrados e incluyen el alquiler del espacio, una estructura en melamina gris, moqueta ign\u00edfuga, un cuadro el\u00e9ctrico de 3kW con enchufe, dos focos y un r\u00f3tulo en lona impresa. El precio se confirma directamente con el organizador bajo consulta.\" } },\n      { \"@type\": \"Question\", \"name\": \"\u00bfMetalMadrid sigue siendo una feria independiente?\", \"acceptedAnswer\": { \"@type\": \"Answer\", \"text\": \"No. MetalMadrid, Composites Madrid y Robom\u00e1tica funcionan ahora juntas como Advanced Manufacturing Madrid, organizada por Easyfairs, aunque cada una conserva su propia zona y p\u00fablico dentro del evento conjunto.\" } },\n      { \"@type\": \"Question\", \"name\": \"\u00bfC\u00f3mo consigo que los ingenieros se paren en mi stand?\", \"acceptedAnswer\": { \"@type\": \"Answer\", \"text\": \"Programe una demostraci\u00f3n en vivo en lugar de un montaje pasivo. Los visitantes de Advanced Manufacturing Madrid recorren un itinerario definido entre zonas, as\u00ed que una m\u00e1quina en funcionamiento con horario fijo cada media hora y se\u00f1alizaci\u00f3n visible atrae m\u00e1s paradas cualificadas que la gr\u00e1fica est\u00e1tica.\" } }\n    ] },\n    { \"@type\": \"BreadcrumbList\", \"itemListElement\": [\n      { \"@type\": \"ListItem\", \"position\": 1, \"name\": \"Inicio\", \"item\": \"https:\/\/adamexpostand.com\/es\/\" },\n      { \"@type\": \"ListItem\", \"position\": 2, \"name\": \"Advanced Manufacturing Madrid en IFEMA: Gu\u00eda del Expositor 2026\", \"item\": \"https:\/\/adamexpostand.com\/es\/constructor-stands-metalmadrid-ifema\/\" } ] },\n    { \"@type\": \"ProfessionalService\", \"name\": \"Adam Expo Stand\", \"areaServed\": \"Europe\",\n      \"url\": \"https:\/\/adamexpostand.com\/\" }\n  ]\n}\n<\/script>\n","protected":false},"excerpt":{"rendered":"<p>\u00bfExpone en Advanced Manufacturing Madrid (IFEMA, 4-5 nov. 2026)? Costes reales de stand, las 6 zonas y el calendario de montaje explicados por un constructor con sede en Madrid.<\/p>\n","protected":false},"author":4,"featured_media":0,"comment_status":"closed","ping_status":"closed","sticky":false,"template":"","format":"standard","meta":{"_kad_blocks_custom_css":"","_kad_blocks_head_custom_js":"","_kad_blocks_body_custom_js":"","_kad_blocks_footer_custom_js":"","_kad_post_transparent":"","_kad_post_title":"","_kad_post_layout":"","_kad_post_sidebar_id":"","_kad_post_content_style":"","_kad_post_vertical_padding":"","_kad_post_feature":"","_kad_post_feature_position":"","_kad_post_header":false,"_kad_post_footer":false,"_kad_post_classname":"","footnotes":""},"categories":[1748],"tags":[],"class_list":["post-10298","post","type-post","status-publish","format-standard","hentry","category-blog"],"taxonomy_info":{"category":[{"value":1748,"label":"Blog"}]},"featured_image_src_large":false,"author_info":{"display_name":"Adam Dragos","author_link":"https:\/\/adamexpostand.com\/es\/author\/impreza\/"},"comment_info":0,"category_info":[{"term_id":1748,"name":"Blog","slug":"blog","term_group":0,"term_taxonomy_id":1748,"taxonomy":"category","description":"","parent":0,"count":176,"filter":"raw","cat_ID":1748,"category_count":176,"category_description":"","cat_name":"Blog","category_nicename":"blog","category_parent":0}],"tag_info":false,"_links":{"self":[{"href":"https:\/\/adamexpostand.com\/es\/wp-json\/wp\/v2\/posts\/10298","targetHints":{"allow":["GET"]}}],"collection":[{"href":"https:\/\/adamexpostand.com\/es\/wp-json\/wp\/v2\/posts"}],"about":[{"href":"https:\/\/adamexpostand.com\/es\/wp-json\/wp\/v2\/types\/post"}],"author":[{"embeddable":true,"href":"https:\/\/adamexpostand.com\/es\/wp-json\/wp\/v2\/users\/4"}],"replies":[{"embeddable":true,"href":"https:\/\/adamexpostand.com\/es\/wp-json\/wp\/v2\/comments?post=10298"}],"version-history":[{"count":0,"href":"https:\/\/adamexpostand.com\/es\/wp-json\/wp\/v2\/posts\/10298\/revisions"}],"wp:attachment":[{"href":"https:\/\/adamexpostand.com\/es\/wp-json\/wp\/v2\/media?parent=10298"}],"wp:term":[{"taxonomy":"category","embeddable":true,"href":"https:\/\/adamexpostand.com\/es\/wp-json\/wp\/v2\/categories?post=10298"},{"taxonomy":"post_tag","embeddable":true,"href":"https:\/\/adamexpostand.com\/es\/wp-json\/wp\/v2\/tags?post=10298"}],"curies":[{"name":"wp","href":"https:\/\/api.w.org\/{rel}","templated":true}]}}